{"id":48643,"date":"2024-05-31T22:41:19","date_gmt":"2024-05-31T22:41:19","guid":{"rendered":"https:\/\/todoapulmon-rafaela.com\/?p=48643"},"modified":"2024-05-31T22:45:16","modified_gmt":"2024-05-31T22:45:16","slug":"el-atletismo-busca-autofinanciarse-para-viajar-a-los-torneos","status":"publish","type":"post","link":"https:\/\/todoapulmon-rafaela.com\/index.php\/2024\/05\/31\/el-atletismo-busca-autofinanciarse-para-viajar-a-los-torneos\/","title":{"rendered":"El atletismo busca autofinanciarse para viajar a los torneos"},"content":{"rendered":"<div class=\"article-body\">\n<p>La Confederaci\u00f3n Argentina de\u00a0<strong>Atletismo<\/strong> comunic\u00f3 en las \u00faltimas horas ha creado un grupo de trabajo que se encuentra abocado a crear un programa de fortalecimiento y cultura atl\u00e9tica. Dentro de este programa el mejoramiento de mecanismos de sustentabilidad en todos los planos es un punto muy importante.<\/p>\n<\/div>\n<div>\n<div class=\"AV664264d96c115cff660c8459\">\n<div id=\"aniBox\">\n<div id=\"aniplayer_AV664264d96c115cff660c8459-1717189599662\">\n<div id=\"aniplayer_AV664264d96c115cff660c8459-1717189599662gui\">\n<div id=\"av-container\" class=\" av-desktop \">\n<div id=\"av-inner\">\n<div id=\"slot\">\n<div id=\"videoslot\" class=\"loaded\">\n<div id=\"av_6642639c13034eaef50f0775-6642645404c1180db20380f7_1\">Es importante se\u00f1alar que ya se encuentra disponible la cuenta especial de la CADA, para recibir contribuciones, de personas e instituciones. Esta cuenta especial fue creada por la entidad madre del atletismo nacional, y ser\u00e1 la depositaria de los fondos recaudados. El objetivo del FORENA -tal su denominaci\u00f3n- es apoyar a los deportistas argentinos, ya que desde hace un tiempo los recursos han mermado ante la disminuci\u00f3n de aportes desde el ENARD y Secretar\u00eda de Deportes con el actual Gobierno nacional, y algunos han debido autofinanciarse sus participaciones.<\/div>\n<div><\/div>\n<\/div>\n<\/div>\n<div><strong>SUDAMERICANO U20, PRIMER PASO<\/strong><\/div>\n<div>El Sudamericano U20, del 12 al 14 de julio en Lima, Per\u00fa, es el pr\u00f3ximo compromiso por el cual est\u00e1 trabajando la CADA. El proceso de evaluaci\u00f3n deportiva finalizar\u00e1 con el Campeonato Nacional de la categor\u00eda, del 8 y 9 de junio pr\u00f3ximo en Buenos Aires.<\/div>\n<div>El rafaelino Tom\u00e1s Mondino -que adem\u00e1s tiene marca para el Mundial U20- es uno de los 12 atletas ya habilitados para ser parte del Sudamericano. No obstante, hay otros siete que la CADA denomina \u00abAnalizando su habilitaci\u00f3n\u00bb y finalmente otro grupo de cinco deportistas en un bloque \u00abEn observaci\u00f3n con posibilidades de habilitaci\u00f3n\u00bb.<\/div>\n<div>A priori, da la sensaci\u00f3n que dependiendo del financiamiento que se obtenga, surgir\u00e1 la lista definitiva para dicho torneo.<\/div>\n<div><img loading=\"lazy\" decoding=\"async\" class=\"alignnone size-full wp-image-48645\" src=\"https:\/\/todoapulmon-rafaela.com\/wp-content\/uploads\/2024\/05\/20240531_193112-scaled.jpg\" alt=\"\" width=\"2560\" height=\"2079\" srcset=\"https:\/\/todoapulmon-rafaela.com\/wp-content\/uploads\/2024\/05\/20240531_193112-scaled.jpg 2560w, https:\/\/todoapulmon-rafaela.com\/wp-content\/uploads\/2024\/05\/20240531_193112-300x244.jpg 300w, https:\/\/todoapulmon-rafaela.com\/wp-content\/uploads\/2024\/05\/20240531_193112-1847x1500.jpg 1847w, https:\/\/todoapulmon-rafaela.com\/wp-content\/uploads\/2024\/05\/20240531_193112-1536x1247.jpg 1536w, https:\/\/todoapulmon-rafaela.com\/wp-content\/uploads\/2024\/05\/20240531_193112-2048x1663.jpg 2048w\" sizes=\"(max-width: 2560px) 100vw, 2560px\" \/><\/div>\n<\/div>\n<\/div>\n<\/div>\n<\/div>\n<div><\/div>\n<div id=\"aniplayer_AV664264d96c115cff660c8459-1717189599662\">\n<div id=\"aniplayer_AV664264d96c115cff660c8459-1717189599662gui\">\n<div id=\"av-container\" class=\" av-desktop \">\n<div id=\"av-inner\">\n<div id=\"slot\">\n<div id=\"videoslot\" class=\"loaded\">\n<div><strong>UNO DE LOS PEDIDOS<\/strong><\/div>\n<div>\u00abSomos deportistas del seleccionado nacional de atletismo y estamos ac\u00e1 para pedir el apoyo de todos los que puedan. Clasificamos al Sudamericano U20 en Per\u00fa, que se va a realizar del 12 al 14 de julio, pero para poder participar necesitamos de la ayuda de todos para poder llegar hasta ah\u00ed. Por eso se creo el Fondo de Representaciones Nacionales, para que podamos mostrar nuestro talento, y llevar a lo m\u00e1s alto a nuestro pa\u00eds\u00bb expres\u00f3 Helen Bernard Stilling en redes sociales.<\/div>\n<\/div>\n<\/div>\n<\/div>\n<\/div>\n<\/div>\n<\/div>\n<\/div>\n<\/div>\n<\/div>\n","protected":false},"excerpt":{"rendered":"<p>La Confederaci\u00f3n Argentina de\u00a0Atletismo comunic\u00f3 en las \u00faltimas horas ha creado un grupo de trabajo que se encuentra abocado a<\/p>\n","protected":false},"author":2,"featured_media":48646,"comment_status":"closed","ping_status":"closed","sticky":false,"template":"","format":"standard","meta":{"footnotes":""},"categories":[7,24],"tags":[],"class_list":["post-48643","post","type-post","status-publish","format-standard","has-post-thumbnail","hentry","category-atletismo","category-noticias-destacadas"],"cc_featured_image_caption":{"caption_text":"FOTO ARCHIVO","source_text":"","source_url":""},"_links":{"self":[{"href":"https:\/\/todoapulmon-rafaela.com\/index.php\/wp-json\/wp\/v2\/posts\/48643"}],"collection":[{"href":"https:\/\/todoapulmon-rafaela.com\/index.php\/wp-json\/wp\/v2\/posts"}],"about":[{"href":"https:\/\/todoapulmon-rafaela.com\/index.php\/wp-json\/wp\/v2\/types\/post"}],"author":[{"embeddable":true,"href":"https:\/\/todoapulmon-rafaela.com\/index.php\/wp-json\/wp\/v2\/users\/2"}],"replies":[{"embeddable":true,"href":"https:\/\/todoapulmon-rafaela.com\/index.php\/wp-json\/wp\/v2\/comments?post=48643"}],"version-history":[{"count":5,"href":"https:\/\/todoapulmon-rafaela.com\/index.php\/wp-json\/wp\/v2\/posts\/48643\/revisions"}],"predecessor-version":[{"id":48650,"href":"https:\/\/todoapulmon-rafaela.com\/index.php\/wp-json\/wp\/v2\/posts\/48643\/revisions\/48650"}],"wp:featuredmedia":[{"embeddable":true,"href":"https:\/\/todoapulmon-rafaela.com\/index.php\/wp-json\/wp\/v2\/media\/48646"}],"wp:attachment":[{"href":"https:\/\/todoapulmon-rafaela.com\/index.php\/wp-json\/wp\/v2\/media?parent=48643"}],"wp:term":[{"taxonomy":"category","embeddable":true,"href":"https:\/\/todoapulmon-rafaela.com\/index.php\/wp-json\/wp\/v2\/categories?post=48643"},{"taxonomy":"post_tag","embeddable":true,"href":"https:\/\/todoapulmon-rafaela.com\/index.php\/wp-json\/wp\/v2\/tags?post=48643"}],"curies":[{"name":"wp","href":"https:\/\/api.w.org\/{rel}","templated":true}]}}