{"id":48613,"date":"2024-05-30T12:46:53","date_gmt":"2024-05-30T12:46:53","guid":{"rendered":"https:\/\/todoapulmon-rafaela.com\/?p=48613"},"modified":"2024-05-30T12:46:53","modified_gmt":"2024-05-30T12:46:53","slug":"segunda-fecha-de-ciclismo-en-los-barrios","status":"publish","type":"post","link":"https:\/\/todoapulmon-rafaela.com\/index.php\/2024\/05\/30\/segunda-fecha-de-ciclismo-en-los-barrios\/","title":{"rendered":"Segunda fecha de Ciclismo en los Barrios"},"content":{"rendered":"<p dir=\"ltr\">El programa \u201cCiclismo en los Barrios\u201d, organizado por la Municipalidad de Rafaela y fiscalizado por el club Ciclista, vivir\u00e1 una nueva jornada deportiva. La cita ser\u00e1 el domingo 2 de junio a las 15:00, en avenida Arist\u00f3bulo del Valle, entre Intendente Gim\u00e9nez y Melvin Jones.<\/p>\n<p dir=\"ltr\">Los participantes tendr\u00e1n la oportunidad de competir por una bicicleta.<\/p>\n<p dir=\"ltr\">Este programa ha sido fundamental en la formaci\u00f3n de destacados ciclistas de alto rendimiento. Muchos campeones argentinos han surgido de \u201cCiclismo en los Barrios\u201d, y posteriormente han continuado su desarrollo en la escuela del Club Ciclista, alcanzando logros significativos en el \u00e1mbito deportivo.<\/p>\n<p dir=\"ltr\">Esta actividad adem\u00e1s de promover el uso de la bicicleta y fomentar el deporte, ha demostrado ser una importante cantera de talento, contribuyendo al \u00e9xito de deportistas de \u00e9lite y campeones locales.<\/p>\n<p dir=\"ltr\">Recordemos que este programa se puso en marcha hace m\u00e1s de 30 a\u00f1os, se desarrolla con la participaci\u00f3n y el acompa\u00f1amiento de ni\u00f1os y ni\u00f1as entre 5 y 12 a\u00f1os y busca atraer a ni\u00f1os y j\u00f3venes a una disciplina deportiva que se destaca en Rafaela y la regi\u00f3n.<\/p>\n","protected":false},"excerpt":{"rendered":"<p>El programa \u201cCiclismo en los Barrios\u201d, organizado por la Municipalidad de Rafaela y fiscalizado por el club Ciclista, vivir\u00e1 una<\/p>\n","protected":false},"author":2,"featured_media":32442,"comment_status":"closed","ping_status":"closed","sticky":false,"template":"","format":"standard","meta":{"footnotes":""},"categories":[4],"tags":[],"class_list":["post-48613","post","type-post","status-publish","format-standard","has-post-thumbnail","hentry","category-ciclismo"],"cc_featured_image_caption":{"caption_text":"","source_text":"","source_url":""},"_links":{"self":[{"href":"https:\/\/todoapulmon-rafaela.com\/index.php\/wp-json\/wp\/v2\/posts\/48613"}],"collection":[{"href":"https:\/\/todoapulmon-rafaela.com\/index.php\/wp-json\/wp\/v2\/posts"}],"about":[{"href":"https:\/\/todoapulmon-rafaela.com\/index.php\/wp-json\/wp\/v2\/types\/post"}],"author":[{"embeddable":true,"href":"https:\/\/todoapulmon-rafaela.com\/index.php\/wp-json\/wp\/v2\/users\/2"}],"replies":[{"embeddable":true,"href":"https:\/\/todoapulmon-rafaela.com\/index.php\/wp-json\/wp\/v2\/comments?post=48613"}],"version-history":[{"count":1,"href":"https:\/\/todoapulmon-rafaela.com\/index.php\/wp-json\/wp\/v2\/posts\/48613\/revisions"}],"predecessor-version":[{"id":48614,"href":"https:\/\/todoapulmon-rafaela.com\/index.php\/wp-json\/wp\/v2\/posts\/48613\/revisions\/48614"}],"wp:featuredmedia":[{"embeddable":true,"href":"https:\/\/todoapulmon-rafaela.com\/index.php\/wp-json\/wp\/v2\/media\/32442"}],"wp:attachment":[{"href":"https:\/\/todoapulmon-rafaela.com\/index.php\/wp-json\/wp\/v2\/media?parent=48613"}],"wp:term":[{"taxonomy":"category","embeddable":true,"href":"https:\/\/todoapulmon-rafaela.com\/index.php\/wp-json\/wp\/v2\/categories?post=48613"},{"taxonomy":"post_tag","embeddable":true,"href":"https:\/\/todoapulmon-rafaela.com\/index.php\/wp-json\/wp\/v2\/tags?post=48613"}],"curies":[{"name":"wp","href":"https:\/\/api.w.org\/{rel}","templated":true}]}}