{"id":48578,"date":"2024-05-28T02:31:11","date_gmt":"2024-05-28T02:31:11","guid":{"rendered":"https:\/\/todoapulmon-rafaela.com\/?p=48578"},"modified":"2024-05-28T02:31:11","modified_gmt":"2024-05-28T02:31:11","slug":"sebastian-porta-nuevo-entrenador-de-san-isidro","status":"publish","type":"post","link":"https:\/\/todoapulmon-rafaela.com\/index.php\/2024\/05\/28\/sebastian-porta-nuevo-entrenador-de-san-isidro\/","title":{"rendered":"Sebasti\u00e1n Porta, nuevo entrenador de San Isidro"},"content":{"rendered":"<p data-mrf-recirculation=\"Links p\u00e1rrafos (art\u00edculo)\">San Isidro de San Francisco, tras el nombramiento de Daniel Beltramo como Director Deportivo, buscaba entrenador para ocupar su cargo para la pr\u00f3xima temporada de la Liga Argentina de B\u00e1squetbol. Y los Halcones eligieron al nuevo t\u00e9cnico. Se trata de Sebasti\u00e1n Porta, quien tomar\u00e1 el mando del equipo de San Francisco.<\/p>\n<p data-mrf-recirculation=\"Links p\u00e1rrafos (art\u00edculo)\">Porta, oriundo de Sunchales, tiene 45 a\u00f1os, y viene de desempe\u00f1arse como asistente t\u00e9cnico en Comunicaciones de Mercedes en Liga Nacional.<\/p>\n<p data-mrf-recirculation=\"Links p\u00e1rrafos (art\u00edculo)\">Firm\u00f3 contrato por una temporada y comenzar\u00e1 junto a \u201cPirincho\u201d Beltramo en la conformaci\u00f3n del plantel.<\/p>\n<p data-mrf-recirculation=\"Links p\u00e1rrafos (art\u00edculo)\">El nuevo entrenador de San Isidro dirigi\u00f3 adem\u00e1s a Piratas de los Lagos de Ecuador y a Libertad de Sunchales en Liga Argentina en la temporada 2021\/2022 y 2022\/2023.<\/p>\n<p data-mrf-recirculation=\"Links p\u00e1rrafos (art\u00edculo)\">San Isidro fue el n\u00famero \u201c1\u2033 de la fase regular de la presente campa\u00f1a de la Liga Argentina, y tras 22 victorias consecutivas (r\u00e9cord en el b\u00e1squet nacional) cay\u00f3 en los cuartos de final frente a Barrio Parque.<\/p>\n","protected":false},"excerpt":{"rendered":"<p>San Isidro de San Francisco, tras el nombramiento de Daniel Beltramo como Director Deportivo, buscaba entrenador para ocupar su cargo<\/p>\n","protected":false},"author":2,"featured_media":48579,"comment_status":"closed","ping_status":"closed","sticky":false,"template":"","format":"standard","meta":{"footnotes":""},"categories":[5],"tags":[],"class_list":["post-48578","post","type-post","status-publish","format-standard","has-post-thumbnail","hentry","category-basquet"],"cc_featured_image_caption":{"caption_text":"","source_text":"","source_url":""},"_links":{"self":[{"href":"https:\/\/todoapulmon-rafaela.com\/index.php\/wp-json\/wp\/v2\/posts\/48578"}],"collection":[{"href":"https:\/\/todoapulmon-rafaela.com\/index.php\/wp-json\/wp\/v2\/posts"}],"about":[{"href":"https:\/\/todoapulmon-rafaela.com\/index.php\/wp-json\/wp\/v2\/types\/post"}],"author":[{"embeddable":true,"href":"https:\/\/todoapulmon-rafaela.com\/index.php\/wp-json\/wp\/v2\/users\/2"}],"replies":[{"embeddable":true,"href":"https:\/\/todoapulmon-rafaela.com\/index.php\/wp-json\/wp\/v2\/comments?post=48578"}],"version-history":[{"count":1,"href":"https:\/\/todoapulmon-rafaela.com\/index.php\/wp-json\/wp\/v2\/posts\/48578\/revisions"}],"predecessor-version":[{"id":48580,"href":"https:\/\/todoapulmon-rafaela.com\/index.php\/wp-json\/wp\/v2\/posts\/48578\/revisions\/48580"}],"wp:featuredmedia":[{"embeddable":true,"href":"https:\/\/todoapulmon-rafaela.com\/index.php\/wp-json\/wp\/v2\/media\/48579"}],"wp:attachment":[{"href":"https:\/\/todoapulmon-rafaela.com\/index.php\/wp-json\/wp\/v2\/media?parent=48578"}],"wp:term":[{"taxonomy":"category","embeddable":true,"href":"https:\/\/todoapulmon-rafaela.com\/index.php\/wp-json\/wp\/v2\/categories?post=48578"},{"taxonomy":"post_tag","embeddable":true,"href":"https:\/\/todoapulmon-rafaela.com\/index.php\/wp-json\/wp\/v2\/tags?post=48578"}],"curies":[{"name":"wp","href":"https:\/\/api.w.org\/{rel}","templated":true}]}}