{"id":48445,"date":"2024-05-23T22:48:31","date_gmt":"2024-05-23T22:48:31","guid":{"rendered":"https:\/\/todoapulmon-rafaela.com\/?p=48445"},"modified":"2024-05-23T22:48:31","modified_gmt":"2024-05-23T22:48:31","slug":"con-rafaelinos-se-juega-el-abierto-internacional-en-punta-del-este","status":"publish","type":"post","link":"https:\/\/todoapulmon-rafaela.com\/index.php\/2024\/05\/23\/con-rafaelinos-se-juega-el-abierto-internacional-en-punta-del-este\/","title":{"rendered":"Con rafaelinos se juega el Abierto Internacional en Punta del Este"},"content":{"rendered":"<p>El profesional local Juan Alvarez arranc\u00f3 a la cabeza de la clasificaci\u00f3n del primer Abierto Internacional del Este, cuya ronda inaugural se disput\u00f3 este jueves en en La Barra Golf Club de Punta del Este.<\/p>\n<p>Alvarez, ganador en 2018 del Abierto Termas de R\u00edo Hondo, en la que fue la inauguraci\u00f3n del nuevo dise\u00f1o del campo santiague\u00f1o, anot\u00f3 65 golpes, seis bajo par. Una ida con cinco birdies (hoyos 10, 14, 15, 16 y 17) a los que se agregaron tres buenos momentos en la vuelta, con birdies en tres hoyos (3, 5 y 9) fueron la carta de presentaci\u00f3n del representante del Club de Golf del Cerro, que tambi\u00e9n anot\u00f3 bogeys en el 7 y en el 11.<\/p>\n<p>En el segundo puesto, con 67, aparece el profesional rosarino Franco Romero, campe\u00f3n este a\u00f1o en el Abierto de San Luis. El tercer puesto lo comparten el experimentado Rafa G\u00f3mez, su sobrino, Esteban G\u00f3mez, y Horacio Carbonetti (h), todos con 68.<\/p>\n<p>Sextos, con 69, se ubican tres de los j\u00f3venes de la nueva guardia entre los profesionales argentinos, con capacidad para meterse en la pelea por el t\u00edtulo: Leandro Marelli, Santiago Bauni y Andr\u00e9s Gallegos.<\/p>\n<p><strong>LA PRIMERA RONDA DE LOS RAFAELINOS<\/strong><\/p>\n<p>Julio Zapata: puesto 39 con 75 golpes (+4).<\/p>\n<p>Rom\u00e1n R\u00e9bora: puesto 45 con 76 golpes (+5).<\/p>\n<p>Gustavo Acosta: puesto 53 con 78 golpes (+7).<\/p>\n<p>Este viernes se disputar\u00e1 la segunda ronda del certamen, programado a 72 hoyos, y all\u00ed se definir\u00e1n los jugadores que evitar\u00e1n el corte clasificatorio, reservado para los 30 primeros scores y sus empates.<\/p>\n","protected":false},"excerpt":{"rendered":"<p>El profesional local Juan Alvarez arranc\u00f3 a la cabeza de la clasificaci\u00f3n del primer Abierto Internacional del Este, cuya ronda<\/p>\n","protected":false},"author":2,"featured_media":48446,"comment_status":"closed","ping_status":"closed","sticky":false,"template":"","format":"standard","meta":{"footnotes":""},"categories":[17,24],"tags":[],"class_list":["post-48445","post","type-post","status-publish","format-standard","has-post-thumbnail","hentry","category-golf","category-noticias-destacadas"],"cc_featured_image_caption":{"caption_text":"","source_text":"","source_url":""},"_links":{"self":[{"href":"https:\/\/todoapulmon-rafaela.com\/index.php\/wp-json\/wp\/v2\/posts\/48445"}],"collection":[{"href":"https:\/\/todoapulmon-rafaela.com\/index.php\/wp-json\/wp\/v2\/posts"}],"about":[{"href":"https:\/\/todoapulmon-rafaela.com\/index.php\/wp-json\/wp\/v2\/types\/post"}],"author":[{"embeddable":true,"href":"https:\/\/todoapulmon-rafaela.com\/index.php\/wp-json\/wp\/v2\/users\/2"}],"replies":[{"embeddable":true,"href":"https:\/\/todoapulmon-rafaela.com\/index.php\/wp-json\/wp\/v2\/comments?post=48445"}],"version-history":[{"count":1,"href":"https:\/\/todoapulmon-rafaela.com\/index.php\/wp-json\/wp\/v2\/posts\/48445\/revisions"}],"predecessor-version":[{"id":48447,"href":"https:\/\/todoapulmon-rafaela.com\/index.php\/wp-json\/wp\/v2\/posts\/48445\/revisions\/48447"}],"wp:featuredmedia":[{"embeddable":true,"href":"https:\/\/todoapulmon-rafaela.com\/index.php\/wp-json\/wp\/v2\/media\/48446"}],"wp:attachment":[{"href":"https:\/\/todoapulmon-rafaela.com\/index.php\/wp-json\/wp\/v2\/media?parent=48445"}],"wp:term":[{"taxonomy":"category","embeddable":true,"href":"https:\/\/todoapulmon-rafaela.com\/index.php\/wp-json\/wp\/v2\/categories?post=48445"},{"taxonomy":"post_tag","embeddable":true,"href":"https:\/\/todoapulmon-rafaela.com\/index.php\/wp-json\/wp\/v2\/tags?post=48445"}],"curies":[{"name":"wp","href":"https:\/\/api.w.org\/{rel}","templated":true}]}}