{"id":48432,"date":"2024-05-23T12:12:37","date_gmt":"2024-05-23T12:12:37","guid":{"rendered":"https:\/\/todoapulmon-rafaela.com\/?p=48432"},"modified":"2024-05-23T12:26:14","modified_gmt":"2024-05-23T12:26:14","slug":"emilia-acosta-inicia-su-participacion-en-el-panamericano","status":"publish","type":"post","link":"https:\/\/todoapulmon-rafaela.com\/index.php\/2024\/05\/23\/emilia-acosta-inicia-su-participacion-en-el-panamericano\/","title":{"rendered":"Emilia Acosta inicia su participaci\u00f3n en el Panamericano"},"content":{"rendered":"<p>Este jueves, desde las 19, comenzar\u00e1 la participaci\u00f3n de la rafaelina Emilia Acosta en el Panamericano de Gimnasia que se desarrolla en Santa Marta, Colombia.<\/p>\n<p>La gimnasta de CREAR Club, tuvo una buena prueba de podio en la jornada del mi\u00e9rcoles junto al resto del equipo juvenil argentino, con la asistencia de su entrenador V\u00edctor Ingaramo, y en la competencia oficial del All Around intentar\u00e1 alcanzar su mejor performance.<\/p>\n<div style=\"width: 720px;\" class=\"wp-video\"><!--[if lt IE 9]><script>document.createElement('video');<\/script><![endif]-->\n<video class=\"wp-video-shortcode\" id=\"video-48432-1\" width=\"720\" height=\"774\" preload=\"metadata\" controls=\"controls\"><source type=\"video\/mp4\" src=\"https:\/\/todoapulmon-rafaela.com\/wp-content\/uploads\/2024\/05\/VID_20250217_095542_872.mp4?_=1\" \/><a href=\"https:\/\/todoapulmon-rafaela.com\/wp-content\/uploads\/2024\/05\/VID_20250217_095542_872.mp4\">https:\/\/todoapulmon-rafaela.com\/wp-content\/uploads\/2024\/05\/VID_20250217_095542_872.mp4<\/a><\/video><\/div>\n<p>Con 23 pa\u00edses del continente participando, es una de las competencias de m\u00e1s alto nivel dentro de la disciplina, motivo por el cual alcanzar una medalla por equipos ser\u00eda un enorme logro.<\/p>\n<p>Las alternativas de la competencia se podr\u00e1n seguir por el canal oficial de Panam Sports en youtube.<\/p>\n<p>Cabe acotar que en funci\u00f3n de los resultados de hoy, se determinar\u00e1n las clasificadas a las finales por aparatos que volver\u00e1n a competir el s\u00e1bado.<\/p>\n<p><strong>PODIO DE LOS VARONES MAYORES Y CUARTAS LAS CHICAS<\/strong><\/p>\n<p>Comenz\u00f3 el Campeonato Panamericano de Gimnasia Art\u00edstica en Santa Marta y la selecci\u00f3n argentina masculina logr\u00f3 conquistar la medalla de bronce. El oro fue para Brasil y la plata para Colombia.<br \/>\nEl combinado nacional estuvo compuesto por Daniel Villafa\u00f1e, Juli\u00e1n Jato, Santiago Mayol, Santiago Agostinelli y Luca Alfieri. De esta forma, Argentina logra superar el hist\u00f3rico resultado continental obtenido en Santiago 2023, d\u00f3nde finalizaron en la cuarta posici\u00f3n<\/p>\n<p>La selecci\u00f3n femenina formada por M\u00eda Mainardi, Isabella Ajalla, Meline Mesropi\u00e1n, Milagros Curti Ruiz y Sira Mac\u00edas, obtuvo la cuata posici\u00f3n. El podio qued\u00f3 para Brasil, Canad\u00e1 y M\u00e9xico.<\/p>\n","protected":false},"excerpt":{"rendered":"<p>Este jueves, desde las 19, comenzar\u00e1 la participaci\u00f3n de la rafaelina Emilia Acosta en el Panamericano de Gimnasia que se<\/p>\n","protected":false},"author":2,"featured_media":48433,"comment_status":"closed","ping_status":"closed","sticky":false,"template":"","format":"standard","meta":{"footnotes":""},"categories":[24],"tags":[],"class_list":["post-48432","post","type-post","status-publish","format-standard","has-post-thumbnail","hentry","category-noticias-destacadas"],"cc_featured_image_caption":{"caption_text":"Emilia tuvo ayer la prueba de podio (foto CREAR Club).","source_text":"","source_url":""},"_links":{"self":[{"href":"https:\/\/todoapulmon-rafaela.com\/index.php\/wp-json\/wp\/v2\/posts\/48432"}],"collection":[{"href":"https:\/\/todoapulmon-rafaela.com\/index.php\/wp-json\/wp\/v2\/posts"}],"about":[{"href":"https:\/\/todoapulmon-rafaela.com\/index.php\/wp-json\/wp\/v2\/types\/post"}],"author":[{"embeddable":true,"href":"https:\/\/todoapulmon-rafaela.com\/index.php\/wp-json\/wp\/v2\/users\/2"}],"replies":[{"embeddable":true,"href":"https:\/\/todoapulmon-rafaela.com\/index.php\/wp-json\/wp\/v2\/comments?post=48432"}],"version-history":[{"count":4,"href":"https:\/\/todoapulmon-rafaela.com\/index.php\/wp-json\/wp\/v2\/posts\/48432\/revisions"}],"predecessor-version":[{"id":48438,"href":"https:\/\/todoapulmon-rafaela.com\/index.php\/wp-json\/wp\/v2\/posts\/48432\/revisions\/48438"}],"wp:featuredmedia":[{"embeddable":true,"href":"https:\/\/todoapulmon-rafaela.com\/index.php\/wp-json\/wp\/v2\/media\/48433"}],"wp:attachment":[{"href":"https:\/\/todoapulmon-rafaela.com\/index.php\/wp-json\/wp\/v2\/media?parent=48432"}],"wp:term":[{"taxonomy":"category","embeddable":true,"href":"https:\/\/todoapulmon-rafaela.com\/index.php\/wp-json\/wp\/v2\/categories?post=48432"},{"taxonomy":"post_tag","embeddable":true,"href":"https:\/\/todoapulmon-rafaela.com\/index.php\/wp-json\/wp\/v2\/tags?post=48432"}],"curies":[{"name":"wp","href":"https:\/\/api.w.org\/{rel}","templated":true}]}}