{"id":48356,"date":"2024-05-20T11:58:25","date_gmt":"2024-05-20T11:58:25","guid":{"rendered":"https:\/\/todoapulmon-rafaela.com\/?p=48356"},"modified":"2024-05-20T12:06:37","modified_gmt":"2024-05-20T12:06:37","slug":"emilia-acosta-ya-entrena-en-santa-marta-previo-al-panamericano","status":"publish","type":"post","link":"https:\/\/todoapulmon-rafaela.com\/index.php\/2024\/05\/20\/emilia-acosta-ya-entrena-en-santa-marta-previo-al-panamericano\/","title":{"rendered":"Emilia Acosta ya entrena en Santa Marta previo al Panamericano"},"content":{"rendered":"<p>La gimnasta rafaelina Emilia Acosta, acompa\u00f1ada por su entrenador de CREAR Club V\u00edctor Ingaramo, ya se encuentran con la delegaci\u00f3n de la selecci\u00f3n argentina de gimnasia art\u00edstica en la ciudad colombiana de Santa Marta, sede esta semana del Campeonato Panamericano de la disciplina en Juveniles y Adultos.<\/p>\n<p>Emilia y V\u00edctor realizaron durante la tarde del domingo el primer entrenamiento en el lugar del evento. La juvenil estar\u00e1 compitiendo el jueves en el All Around, y en caso de clasificar el s\u00e1bado tendr\u00e1 continuidad en las finales por aparatos.<\/p>\n<p><img loading=\"lazy\" decoding=\"async\" class=\"alignnone size-full wp-image-48358\" src=\"https:\/\/todoapulmon-rafaela.com\/wp-content\/uploads\/2024\/05\/Seleccion-juvenil-gimnasia-2024.jpg\" alt=\"\" width=\"960\" height=\"1280\" srcset=\"https:\/\/todoapulmon-rafaela.com\/wp-content\/uploads\/2024\/05\/Seleccion-juvenil-gimnasia-2024.jpg 960w, https:\/\/todoapulmon-rafaela.com\/wp-content\/uploads\/2024\/05\/Seleccion-juvenil-gimnasia-2024-225x300.jpg 225w\" sizes=\"(max-width: 960px) 100vw, 960px\" \/><\/p>\n<p>En Santa Marta estar\u00e1n presentes deportistas de 24 pa\u00edses, proyect\u00e1ndose el torneo como un espect\u00e1culo deportivo de primer nivel, donde la destreza, la elegancia y el esfuerzo se unen en cada rutina.<\/p>\n<p>Los coliseos Menor y Mayor han sido designados como los escenarios principales del evento, uno destinado para entrenamientos y el otro para las competencias.<\/p>\n<div style=\"width: 478px;\" class=\"wp-video\"><!--[if lt IE 9]><script>document.createElement('video');<\/script><![endif]-->\n<video class=\"wp-video-shortcode\" id=\"video-48356-1\" width=\"478\" height=\"850\" preload=\"metadata\" controls=\"controls\"><source type=\"video\/mp4\" src=\"https:\/\/todoapulmon-rafaela.com\/wp-content\/uploads\/2024\/05\/VID-20240520-WA0005.mp4?_=1\" \/><a href=\"https:\/\/todoapulmon-rafaela.com\/wp-content\/uploads\/2024\/05\/VID-20240520-WA0005.mp4\">https:\/\/todoapulmon-rafaela.com\/wp-content\/uploads\/2024\/05\/VID-20240520-WA0005.mp4<\/a><\/video><\/div>\n<p>Cabe recordar que en el seleccionado argentino de mayores, qued\u00f3 dentro de las suplentes Luc\u00eda Gonz\u00e1lez, tambi\u00e9n gimnasta de CREAR Club de Rafaela.<\/p>\n","protected":false},"excerpt":{"rendered":"<p>La gimnasta rafaelina Emilia Acosta, acompa\u00f1ada por su entrenador de CREAR Club V\u00edctor Ingaramo, ya se encuentran con la delegaci\u00f3n<\/p>\n","protected":false},"author":2,"featured_media":48357,"comment_status":"closed","ping_status":"closed","sticky":false,"template":"","format":"standard","meta":{"footnotes":""},"categories":[24],"tags":[],"class_list":["post-48356","post","type-post","status-publish","format-standard","has-post-thumbnail","hentry","category-noticias-destacadas"],"cc_featured_image_caption":{"caption_text":"Emilia Acosta y V\u00edctor Ingaramo en el primer entrenamiento. (Foto CREAR Club).","source_text":"","source_url":""},"_links":{"self":[{"href":"https:\/\/todoapulmon-rafaela.com\/index.php\/wp-json\/wp\/v2\/posts\/48356"}],"collection":[{"href":"https:\/\/todoapulmon-rafaela.com\/index.php\/wp-json\/wp\/v2\/posts"}],"about":[{"href":"https:\/\/todoapulmon-rafaela.com\/index.php\/wp-json\/wp\/v2\/types\/post"}],"author":[{"embeddable":true,"href":"https:\/\/todoapulmon-rafaela.com\/index.php\/wp-json\/wp\/v2\/users\/2"}],"replies":[{"embeddable":true,"href":"https:\/\/todoapulmon-rafaela.com\/index.php\/wp-json\/wp\/v2\/comments?post=48356"}],"version-history":[{"count":2,"href":"https:\/\/todoapulmon-rafaela.com\/index.php\/wp-json\/wp\/v2\/posts\/48356\/revisions"}],"predecessor-version":[{"id":48361,"href":"https:\/\/todoapulmon-rafaela.com\/index.php\/wp-json\/wp\/v2\/posts\/48356\/revisions\/48361"}],"wp:featuredmedia":[{"embeddable":true,"href":"https:\/\/todoapulmon-rafaela.com\/index.php\/wp-json\/wp\/v2\/media\/48357"}],"wp:attachment":[{"href":"https:\/\/todoapulmon-rafaela.com\/index.php\/wp-json\/wp\/v2\/media?parent=48356"}],"wp:term":[{"taxonomy":"category","embeddable":true,"href":"https:\/\/todoapulmon-rafaela.com\/index.php\/wp-json\/wp\/v2\/categories?post=48356"},{"taxonomy":"post_tag","embeddable":true,"href":"https:\/\/todoapulmon-rafaela.com\/index.php\/wp-json\/wp\/v2\/tags?post=48356"}],"curies":[{"name":"wp","href":"https:\/\/api.w.org\/{rel}","templated":true}]}}