{"id":48011,"date":"2024-05-06T14:04:23","date_gmt":"2024-05-06T14:04:23","guid":{"rendered":"https:\/\/todoapulmon-rafaela.com\/?p=48011"},"modified":"2024-05-06T14:04:23","modified_gmt":"2024-05-06T14:04:23","slug":"bikers-rafaelinos-con-buenos-desempenos-en-marull","status":"publish","type":"post","link":"https:\/\/todoapulmon-rafaela.com\/index.php\/2024\/05\/06\/bikers-rafaelinos-con-buenos-desempenos-en-marull\/","title":{"rendered":"Bikers rafaelinos con buenos desempe\u00f1os en Marull"},"content":{"rendered":"<p>Este domingo se desarroll\u00f3 en Marull la tercera fecha del Campeonato Provincial Cordob\u00e9s de Rural Bike, en el que participan varios bikers de Rafaela.<\/p>\n<p>Hubo triunfos y podios en distintas categor\u00edas, como suele darse en cada competencia. Estos fueron los principales resultados de los bikers rafaelinos:<\/p>\n<p><strong>Damas B:<\/strong> 1) Araceli Costamagna&#8230;.4) Marina Rossi.<\/p>\n<p><strong>Elite:<\/strong> 2) Juan Roggero&#8230;7) Esteban P\u00e9rez.<\/p>\n<p><strong>Master A1:<\/strong> 1) Antonio\u00a0 Sabellotti&#8230;4) Dami\u00e1n Sosa.<\/p>\n<p><strong>Master B1:<\/strong> 5) Maximiliano Heideggen, 6) Ra\u00fal Boretto.<\/p>\n<p><strong>Master B2:<\/strong> 1) C\u00e9sar Peralta&#8230;3) Mat\u00edas Vilches&#8230;6) Gerardo Cabrera&#8230;.8) Walter Ernst.<\/p>\n<p><strong>Master C1:<\/strong> 1) Cristian Inwinkelried.<\/p>\n<p><strong>Master C2:<\/strong> 2) Gabriel Schmidt&#8230;.6) Jos\u00e9 Favre.<\/p>\n<p><strong>D1:<\/strong> 1) Dar\u00edo Sedlacek.<\/p>\n","protected":false},"excerpt":{"rendered":"<p>Este domingo se desarroll\u00f3 en Marull la tercera fecha del Campeonato Provincial Cordob\u00e9s de Rural Bike, en el que participan<\/p>\n","protected":false},"author":2,"featured_media":48013,"comment_status":"closed","ping_status":"closed","sticky":false,"template":"","format":"standard","meta":{"footnotes":""},"categories":[4,24],"tags":[],"class_list":["post-48011","post","type-post","status-publish","format-standard","has-post-thumbnail","hentry","category-ciclismo","category-noticias-destacadas"],"cc_featured_image_caption":{"caption_text":"Antonio Sabellotti se impuso en Master A1 (foto Regional Ansenuza).","source_text":"","source_url":""},"_links":{"self":[{"href":"https:\/\/todoapulmon-rafaela.com\/index.php\/wp-json\/wp\/v2\/posts\/48011"}],"collection":[{"href":"https:\/\/todoapulmon-rafaela.com\/index.php\/wp-json\/wp\/v2\/posts"}],"about":[{"href":"https:\/\/todoapulmon-rafaela.com\/index.php\/wp-json\/wp\/v2\/types\/post"}],"author":[{"embeddable":true,"href":"https:\/\/todoapulmon-rafaela.com\/index.php\/wp-json\/wp\/v2\/users\/2"}],"replies":[{"embeddable":true,"href":"https:\/\/todoapulmon-rafaela.com\/index.php\/wp-json\/wp\/v2\/comments?post=48011"}],"version-history":[{"count":1,"href":"https:\/\/todoapulmon-rafaela.com\/index.php\/wp-json\/wp\/v2\/posts\/48011\/revisions"}],"predecessor-version":[{"id":48014,"href":"https:\/\/todoapulmon-rafaela.com\/index.php\/wp-json\/wp\/v2\/posts\/48011\/revisions\/48014"}],"wp:featuredmedia":[{"embeddable":true,"href":"https:\/\/todoapulmon-rafaela.com\/index.php\/wp-json\/wp\/v2\/media\/48013"}],"wp:attachment":[{"href":"https:\/\/todoapulmon-rafaela.com\/index.php\/wp-json\/wp\/v2\/media?parent=48011"}],"wp:term":[{"taxonomy":"category","embeddable":true,"href":"https:\/\/todoapulmon-rafaela.com\/index.php\/wp-json\/wp\/v2\/categories?post=48011"},{"taxonomy":"post_tag","embeddable":true,"href":"https:\/\/todoapulmon-rafaela.com\/index.php\/wp-json\/wp\/v2\/tags?post=48011"}],"curies":[{"name":"wp","href":"https:\/\/api.w.org\/{rel}","templated":true}]}}