{"id":47863,"date":"2024-04-30T22:12:14","date_gmt":"2024-04-30T22:12:14","guid":{"rendered":"https:\/\/todoapulmon-rafaela.com\/?p=47863"},"modified":"2024-04-30T22:12:14","modified_gmt":"2024-04-30T22:12:14","slug":"la-seleccion-mayor-femenina-no-cambia-entrenador","status":"publish","type":"post","link":"https:\/\/todoapulmon-rafaela.com\/index.php\/2024\/04\/30\/la-seleccion-mayor-femenina-no-cambia-entrenador\/","title":{"rendered":"La selecci\u00f3n mayor Femenina no cambia entrenador"},"content":{"rendered":"<p>En un a\u00f1o con m\u00faltiples compromisos para el equipo nacional, el Departamento de Selecciones Nacionales de la Confederaci\u00f3n Argentina de B\u00e1squet inform\u00f3 este martes que <strong>Gregorio Mart\u00ednez<\/strong>\u00a0continuar\u00e1 como\u00a0<strong>Head Coach de la Selecci\u00f3n mayor femenina<\/strong>.<\/p>\n<p>Mart\u00ednez, de 59 a\u00f1os, se convirti\u00f3 en Head Coach de la Selecci\u00f3n argentina en julio de 2020, con un proyecto de trabajo que se destac\u00f3 por un proceso de alto impacto en el desarrollo y la visibilidad de la rama femenina.<\/p>\n<p><em>\u201cAgradezco a la CAB y a sus dirigentes por la confianza y por seguir apostando por nuestro trabajo. Comenzaremos un proceso que tiene como objetivo el Mundial 2026 y ya estamos enfocados en eso\u201d<\/em>, se\u00f1al\u00f3 Mart\u00ednez.<\/p>\n<p><em>\u201cEstoy convencido de que Gregorio seguir\u00e1 haciendo un gran trabajo con nuestra Selecci\u00f3n femenina. Tenemos grandes desaf\u00edos por delante y confiamos en \u00e9l para guiar a nuestras jugadoras\u201d<\/em>, agreg\u00f3\u00a0<strong>Andr\u00e9s Pelussi, Director Deportivo<\/strong>.<\/p>\n<p>En el horizonte pr\u00f3ximo aparecen dos cert\u00e1menes confirmados para este 2024: el Preclasificatorio a la Copa del Mundo 2026 y el Sudamericano de Mayores.<\/p>\n<p>Del 19 al 25 de agosto participar\u00e1 en Kigali, Ruanda, del Preclasificatorio por un lugar en los Torneos Clasificatorios para la Copa del Mundo 2026. Argentina compartir\u00e1 grupo con las locales, Gran Breta\u00f1a y L\u00edbano. Mientras que desde el 29 de agosto, de regreso en Sudam\u00e9rica, el seleccionado afrontar\u00e1 el Campeonato Sudamericano de Mayores en Santiago de Chile. Este torneo otorgar\u00e1 cuatro plazas a la AmeriCup 2025 que, a su vez, dar\u00e1 otras cuatro plazas para los Torneos Clasificatorios a la Copa del Mundo 2026.<\/p>\n","protected":false},"excerpt":{"rendered":"<p>En un a\u00f1o con m\u00faltiples compromisos para el equipo nacional, el Departamento de Selecciones Nacionales de la Confederaci\u00f3n Argentina de<\/p>\n","protected":false},"author":2,"featured_media":47864,"comment_status":"closed","ping_status":"closed","sticky":false,"template":"","format":"standard","meta":{"footnotes":""},"categories":[5],"tags":[],"class_list":["post-47863","post","type-post","status-publish","format-standard","has-post-thumbnail","hentry","category-basquet"],"cc_featured_image_caption":{"caption_text":"FOTO PRENSA CAB","source_text":"","source_url":""},"_links":{"self":[{"href":"https:\/\/todoapulmon-rafaela.com\/index.php\/wp-json\/wp\/v2\/posts\/47863"}],"collection":[{"href":"https:\/\/todoapulmon-rafaela.com\/index.php\/wp-json\/wp\/v2\/posts"}],"about":[{"href":"https:\/\/todoapulmon-rafaela.com\/index.php\/wp-json\/wp\/v2\/types\/post"}],"author":[{"embeddable":true,"href":"https:\/\/todoapulmon-rafaela.com\/index.php\/wp-json\/wp\/v2\/users\/2"}],"replies":[{"embeddable":true,"href":"https:\/\/todoapulmon-rafaela.com\/index.php\/wp-json\/wp\/v2\/comments?post=47863"}],"version-history":[{"count":1,"href":"https:\/\/todoapulmon-rafaela.com\/index.php\/wp-json\/wp\/v2\/posts\/47863\/revisions"}],"predecessor-version":[{"id":47865,"href":"https:\/\/todoapulmon-rafaela.com\/index.php\/wp-json\/wp\/v2\/posts\/47863\/revisions\/47865"}],"wp:featuredmedia":[{"embeddable":true,"href":"https:\/\/todoapulmon-rafaela.com\/index.php\/wp-json\/wp\/v2\/media\/47864"}],"wp:attachment":[{"href":"https:\/\/todoapulmon-rafaela.com\/index.php\/wp-json\/wp\/v2\/media?parent=47863"}],"wp:term":[{"taxonomy":"category","embeddable":true,"href":"https:\/\/todoapulmon-rafaela.com\/index.php\/wp-json\/wp\/v2\/categories?post=47863"},{"taxonomy":"post_tag","embeddable":true,"href":"https:\/\/todoapulmon-rafaela.com\/index.php\/wp-json\/wp\/v2\/tags?post=47863"}],"curies":[{"name":"wp","href":"https:\/\/api.w.org\/{rel}","templated":true}]}}