{"id":47804,"date":"2024-04-28T13:16:57","date_gmt":"2024-04-28T13:16:57","guid":{"rendered":"https:\/\/todoapulmon-rafaela.com\/?p=47804"},"modified":"2024-04-28T13:40:32","modified_gmt":"2024-04-28T13:40:32","slug":"daiana-ocampo-clasifico-a-los-juegos-olimpicos-en-maraton","status":"publish","type":"post","link":"https:\/\/todoapulmon-rafaela.com\/index.php\/2024\/04\/28\/daiana-ocampo-clasifico-a-los-juegos-olimpicos-en-maraton\/","title":{"rendered":"Daiana Ocampo clasific\u00f3 a los Juegos Ol\u00edmpicos en marat\u00f3n"},"content":{"rendered":"<p><strong>Daiana Alejandra Ocampo<\/strong>\u00a0ha concretado una haza\u00f1a este domingo 28 de abril en Hamburgo al terminar 7\u00aa. en el marat\u00f3n internacional \u2013\u00fanica no africana en el top ten- y conseguir con\u00a0<strong>2 horas, 26 minutos y 24 segundos<\/strong>\u00a0la ansiada marca m\u00ednima para los Juegos Ol\u00edmpicos de Par\u00eds.<\/p>\n<p>En el noveno marat\u00f3n de su campa\u00f1a, Ocampo se une as\u00ed a Florencia Borelli como las dos argentinas que cumplieron la dur\u00edsima exigencia fijada por World Athletics para asistir al marat\u00f3n ol\u00edmpico (2:26:50).<\/p>\n<p><em>\u201cEstoy dolorida por el esfuerzo\u2026 pero inmensamente feliz\u201d,<\/em> dijo Ocampo al sitio oficial de la CADA momentos despu\u00e9s de su notable actuaci\u00f3n, que la convierte en la segunda argentina del historial de la distancia y sexta sudamericana.<\/p>\n<p>El 18 de febrero, en Sevilla, Borelli hab\u00eda establecido el r\u00e9cord nacional y sudamericano de 2:24:18 y Ocampo se hab\u00eda quedado a las puertas de la clasificaci\u00f3n al marcar 2:27:16.<\/p>\n<p><strong>Los parciales de Daiana<\/strong>\u00a0fueron: 54:28 en los 10 kil\u00f3metros, 51:59 en 15, 1:09:06 en 20, 1:12:54 en medio marat\u00f3n, 1:26:29 en 25 kil\u00f3metros, 1:43:48en 30, 2:01:116 en 35 y 2:18:52 en 40.<\/p>\n<p>La atleta de 33 a\u00f1os, que reside en Pilar (Buenos Aires), se entren\u00f3 pr\u00e1cticamente sola en la altitud de Cachi durante las \u00faltimas semanas, pas\u00f3 por la pista del Cenard en los d\u00edas previos al viaje y se dirigi\u00f3 al marat\u00f3n de Hamburgo, uno de los m\u00e1s importantes de Europa.<\/p>\n<p>Y aquel sue\u00f1o que persigui\u00f3 con tanta fuerza para Tokio 2020 y que se le neg\u00f3 por una seguidilla de infortunios, finalmente ahora se concret\u00f3:\u00a0<strong>Daiana estar\u00e1 en Par\u00eds junto a Borelli, como las dos mejores maratonistas de la historia argentina.<\/strong><\/p>\n<p>Para dar una idea del nivel de Hamburgo, que este domingo en su 38\u00aa. edici\u00f3n tuvo15 mil participantes- hay que indicar que su ganadora, la keniata Irine Cheptai, produjo uno de los mejores tiempos jam\u00e1s registrados para una debutante (2:18:22), superando en gran duelo a su compatriota Winfridah Moser (2:18:25). Y la et\u00edope Gotyom Gebreslase, campeona mundial 2022 en Oregon y ex vencedora del marat\u00f3n de Berlin, ahora termin\u00f3 tercera con 2:21:29.<\/p>\n<p>Las siguieron otras africanas \u2013la \u00a0keniata Jackline Cherono con 2:21:40, la et\u00edope Aminet Ahmet con 2:23:27 y la keniata Cynthia Limo con 2:25:10- y Ocampo apareci\u00f3 s\u00e9ptima, entre esa \u201clegi\u00f3n\u201d.<\/p>\n<p>Entre los hombres, el keniata Bernard Koech repiti\u00f3 su victoria del a\u00f1o anterior con 2:04:24, seguido por el et\u00edope Haymanot Alen con 2:05:30 y el keniata Philemon Kipllimo con 2:05:37.\u00a0El recordman argentino\u00a0<strong>Joaqu\u00edn Arbe<\/strong>\u00a0qued\u00f3 lejos de sus mejores rendimientos, ya que fue 27\u00b0 con 2:26:07, en tanto que\u00a0<strong>Marcela G\u00f3mez<\/strong>\u00a0abandon\u00f3 luego del d\u00e9cimo kil\u00f3metro.<\/p>\n<p>Nacida el 16 de febrero de 1991, Ocampo debut\u00f3 como maratonista en Rotterdam 2019 con 2:41:34. Meses m\u00e1s tarde se proclam\u00f3 campe\u00f3n sudamericana en el marco del Marat\u00f3n de Buenos Aires con 2:34:12.<\/p>\n<p>Con informaci\u00f3n de CADA.<\/p>\n","protected":false},"excerpt":{"rendered":"<p>Daiana Alejandra Ocampo\u00a0ha concretado una haza\u00f1a este domingo 28 de abril en Hamburgo al terminar 7\u00aa. en el marat\u00f3n internacional<\/p>\n","protected":false},"author":2,"featured_media":47805,"comment_status":"closed","ping_status":"closed","sticky":false,"template":"","format":"standard","meta":{"footnotes":""},"categories":[7,24],"tags":[],"class_list":["post-47804","post","type-post","status-publish","format-standard","has-post-thumbnail","hentry","category-atletismo","category-noticias-destacadas"],"cc_featured_image_caption":{"caption_text":"FOTO CADA","source_text":"","source_url":""},"_links":{"self":[{"href":"https:\/\/todoapulmon-rafaela.com\/index.php\/wp-json\/wp\/v2\/posts\/47804"}],"collection":[{"href":"https:\/\/todoapulmon-rafaela.com\/index.php\/wp-json\/wp\/v2\/posts"}],"about":[{"href":"https:\/\/todoapulmon-rafaela.com\/index.php\/wp-json\/wp\/v2\/types\/post"}],"author":[{"embeddable":true,"href":"https:\/\/todoapulmon-rafaela.com\/index.php\/wp-json\/wp\/v2\/users\/2"}],"replies":[{"embeddable":true,"href":"https:\/\/todoapulmon-rafaela.com\/index.php\/wp-json\/wp\/v2\/comments?post=47804"}],"version-history":[{"count":1,"href":"https:\/\/todoapulmon-rafaela.com\/index.php\/wp-json\/wp\/v2\/posts\/47804\/revisions"}],"predecessor-version":[{"id":47806,"href":"https:\/\/todoapulmon-rafaela.com\/index.php\/wp-json\/wp\/v2\/posts\/47804\/revisions\/47806"}],"wp:featuredmedia":[{"embeddable":true,"href":"https:\/\/todoapulmon-rafaela.com\/index.php\/wp-json\/wp\/v2\/media\/47805"}],"wp:attachment":[{"href":"https:\/\/todoapulmon-rafaela.com\/index.php\/wp-json\/wp\/v2\/media?parent=47804"}],"wp:term":[{"taxonomy":"category","embeddable":true,"href":"https:\/\/todoapulmon-rafaela.com\/index.php\/wp-json\/wp\/v2\/categories?post=47804"},{"taxonomy":"post_tag","embeddable":true,"href":"https:\/\/todoapulmon-rafaela.com\/index.php\/wp-json\/wp\/v2\/tags?post=47804"}],"curies":[{"name":"wp","href":"https:\/\/api.w.org\/{rel}","templated":true}]}}