{"id":47550,"date":"2024-04-18T11:59:46","date_gmt":"2024-04-18T11:59:46","guid":{"rendered":"https:\/\/todoapulmon-rafaela.com\/?p=47550"},"modified":"2024-04-18T12:23:41","modified_gmt":"2024-04-18T12:23:41","slug":"la-arv-tiene-equipos-definidos-para-el-provincial-sub-16","status":"publish","type":"post","link":"https:\/\/todoapulmon-rafaela.com\/index.php\/2024\/04\/18\/la-arv-tiene-equipos-definidos-para-el-provincial-sub-16\/","title":{"rendered":"La ARV tiene equipos definidos para el Provincial Sub 16"},"content":{"rendered":"<p>Este fin de semana, 20 y 21 de abril, se llevar\u00e1 a cabo en San Jer\u00f3nimo Norte el torneo Interasociaciones de la categor\u00eda Sub 16, supervisado por la Federaci\u00f3n Santafesina de Voley.<br \/>\nLa Asociaci\u00f3n Rafaelina volver\u00e1 a presentarse con los dos equipos, masculino y femenino, cada uno con 14 integrantes.<\/p>\n<p>SELECCIONADO MASCULINO<\/p>\n<p>1. Aguirre Tom\u00e1s &#8211; Libertad.<br \/>\n2. Balquinta Elian &#8211; 9 de Julio.<br \/>\n3. Chac\u00f3n Facundo &#8211; Tiro Federal de Mois\u00e9s Ville.<br \/>\n4. Franza Bautista &#8211; 9 de Julio.<br \/>\n5. Gabinetti Santino &#8211; Atl\u00e9tico.<br \/>\n6. Orellano Santino &#8211; 9 de Julio.<br \/>\n7. Paez Bautista &#8211; 9 de Julio.<br \/>\n8. Rodriguez Mauricio &#8211; Libertad.<br \/>\n9. Romero Andres &#8211; 9 de Julio.<br \/>\n10. Romero Gast\u00f3n &#8211; 9 de Julio.<br \/>\n11. Saglietti Gino &#8211; Libertad.<br \/>\n12. Samano Federico- Atl\u00e9tico.<br \/>\n13. Smith Bruno &#8211; 9 de Julio.<br \/>\n14. Santiano Juan &#8211; Argentino de Humberto.<\/p>\n<p>T\u00e9cnico en jefe: Brisa Sterren. Asistente: S\u00f3crates Isle\u00f1o.<\/p>\n<p>SELECCIONADO FEMENINO<br \/>\n1. Areco \u00c1ngeles &#8211; Uni\u00f3n.<br \/>\n2. Bistchin Sara &#8211; Uni\u00f3n.<br \/>\n3. Cignetti Paloma &#8211; Almagro.<br \/>\n4. Coronel Pamela &#8211; Uni\u00f3n.<br \/>\n5. Crivello Lara &#8211; Almagro.<br \/>\n6. Enrici Ana Paula &#8211; Uni\u00f3n.<br \/>\n7. Enrici Fiorella &#8211; Uni\u00f3n.<br \/>\n8. Fontanessi Sol &#8211; Almagro.<br \/>\n9. Nievas Luisina &#8211; Uni\u00f3n.<br \/>\n10. Paz Narela &#8211; Almagro.<br \/>\n11. Romero Angelina &#8211; Almagro.<br \/>\n12. S\u00e1nchez Abril &#8211; Almagro.<br \/>\n13. Schilling Sof\u00eda &#8211; 9 de Julio.<br \/>\n14. Verbeke Nahiara &#8211; Uni\u00f3n.<\/p>\n<p>T\u00e9cnico en Jefe: Gustavo Stricker. Asistente: Adriana C\u00e1mara.<\/p>\n","protected":false},"excerpt":{"rendered":"<p>Este fin de semana, 20 y 21 de abril, se llevar\u00e1 a cabo en San Jer\u00f3nimo Norte el torneo Interasociaciones<\/p>\n","protected":false},"author":2,"featured_media":47554,"comment_status":"closed","ping_status":"closed","sticky":false,"template":"","format":"standard","meta":{"footnotes":""},"categories":[24,16],"tags":[],"class_list":["post-47550","post","type-post","status-publish","format-standard","has-post-thumbnail","hentry","category-noticias-destacadas","category-voley"],"cc_featured_image_caption":{"caption_text":"Abril Sanchez, Paloma Cignetti, Angelina Romero, Narela Paz, Sol Fontanesi y Lara Crivello, las seis jugadoras de Almagro designadas (foto prensa Almagro).","source_text":"","source_url":""},"_links":{"self":[{"href":"https:\/\/todoapulmon-rafaela.com\/index.php\/wp-json\/wp\/v2\/posts\/47550"}],"collection":[{"href":"https:\/\/todoapulmon-rafaela.com\/index.php\/wp-json\/wp\/v2\/posts"}],"about":[{"href":"https:\/\/todoapulmon-rafaela.com\/index.php\/wp-json\/wp\/v2\/types\/post"}],"author":[{"embeddable":true,"href":"https:\/\/todoapulmon-rafaela.com\/index.php\/wp-json\/wp\/v2\/users\/2"}],"replies":[{"embeddable":true,"href":"https:\/\/todoapulmon-rafaela.com\/index.php\/wp-json\/wp\/v2\/comments?post=47550"}],"version-history":[{"count":2,"href":"https:\/\/todoapulmon-rafaela.com\/index.php\/wp-json\/wp\/v2\/posts\/47550\/revisions"}],"predecessor-version":[{"id":47553,"href":"https:\/\/todoapulmon-rafaela.com\/index.php\/wp-json\/wp\/v2\/posts\/47550\/revisions\/47553"}],"wp:featuredmedia":[{"embeddable":true,"href":"https:\/\/todoapulmon-rafaela.com\/index.php\/wp-json\/wp\/v2\/media\/47554"}],"wp:attachment":[{"href":"https:\/\/todoapulmon-rafaela.com\/index.php\/wp-json\/wp\/v2\/media?parent=47550"}],"wp:term":[{"taxonomy":"category","embeddable":true,"href":"https:\/\/todoapulmon-rafaela.com\/index.php\/wp-json\/wp\/v2\/categories?post=47550"},{"taxonomy":"post_tag","embeddable":true,"href":"https:\/\/todoapulmon-rafaela.com\/index.php\/wp-json\/wp\/v2\/tags?post=47550"}],"curies":[{"name":"wp","href":"https:\/\/api.w.org\/{rel}","templated":true}]}}