{"id":47409,"date":"2024-04-13T17:39:28","date_gmt":"2024-04-13T17:39:28","guid":{"rendered":"https:\/\/todoapulmon-rafaela.com\/?p=47409"},"modified":"2024-04-13T17:47:52","modified_gmt":"2024-04-13T17:47:52","slug":"emmert-nuevamente-campeon-nacional-de-mayores","status":"publish","type":"post","link":"https:\/\/todoapulmon-rafaela.com\/index.php\/2024\/04\/13\/emmert-nuevamente-campeon-nacional-de-mayores\/","title":{"rendered":"Emmert, nuevamente campe\u00f3n Nacional de Mayores"},"content":{"rendered":"<p>Revalidando el t\u00edtulo logrado el a\u00f1o pasado en Concepci\u00f3n del Uruguay, el rafaelino Pedro Emmert se consagr\u00f3 campe\u00f3n en los 400 metros llanos del Nacional de Mayores que se desarrolla en Mar del Plata.<\/p>\n<p>En la ventosa segunda jornada en la pista \u00abJusto Rom\u00e1n\u00bb, el atleta que integra la delegaci\u00f3n de la Federaci\u00f3n Santafesina prevaleci\u00f3 en una apretada definici\u00f3n frente a Manuel Robles (FAM), ya que la diferencia fue de apenas una cent\u00e9sima (48.38 Emmert contra 48.39 de Robles).<\/p>\n<p>El podio lo complet\u00f3 M\u00e1ximo Peratz con 48.73 (BA).<\/p>\n","protected":false},"excerpt":{"rendered":"<p>Revalidando el t\u00edtulo logrado el a\u00f1o pasado en Concepci\u00f3n del Uruguay, el rafaelino Pedro Emmert se consagr\u00f3 campe\u00f3n en los<\/p>\n","protected":false},"author":2,"featured_media":47418,"comment_status":"closed","ping_status":"closed","sticky":false,"template":"","format":"standard","meta":{"footnotes":""},"categories":[7,24],"tags":[],"class_list":["post-47409","post","type-post","status-publish","format-standard","has-post-thumbnail","hentry","category-atletismo","category-noticias-destacadas"],"cc_featured_image_caption":{"caption_text":"","source_text":"","source_url":""},"_links":{"self":[{"href":"https:\/\/todoapulmon-rafaela.com\/index.php\/wp-json\/wp\/v2\/posts\/47409"}],"collection":[{"href":"https:\/\/todoapulmon-rafaela.com\/index.php\/wp-json\/wp\/v2\/posts"}],"about":[{"href":"https:\/\/todoapulmon-rafaela.com\/index.php\/wp-json\/wp\/v2\/types\/post"}],"author":[{"embeddable":true,"href":"https:\/\/todoapulmon-rafaela.com\/index.php\/wp-json\/wp\/v2\/users\/2"}],"replies":[{"embeddable":true,"href":"https:\/\/todoapulmon-rafaela.com\/index.php\/wp-json\/wp\/v2\/comments?post=47409"}],"version-history":[{"count":2,"href":"https:\/\/todoapulmon-rafaela.com\/index.php\/wp-json\/wp\/v2\/posts\/47409\/revisions"}],"predecessor-version":[{"id":47411,"href":"https:\/\/todoapulmon-rafaela.com\/index.php\/wp-json\/wp\/v2\/posts\/47409\/revisions\/47411"}],"wp:featuredmedia":[{"embeddable":true,"href":"https:\/\/todoapulmon-rafaela.com\/index.php\/wp-json\/wp\/v2\/media\/47418"}],"wp:attachment":[{"href":"https:\/\/todoapulmon-rafaela.com\/index.php\/wp-json\/wp\/v2\/media?parent=47409"}],"wp:term":[{"taxonomy":"category","embeddable":true,"href":"https:\/\/todoapulmon-rafaela.com\/index.php\/wp-json\/wp\/v2\/categories?post=47409"},{"taxonomy":"post_tag","embeddable":true,"href":"https:\/\/todoapulmon-rafaela.com\/index.php\/wp-json\/wp\/v2\/tags?post=47409"}],"curies":[{"name":"wp","href":"https:\/\/api.w.org\/{rel}","templated":true}]}}