{"id":47305,"date":"2024-04-09T22:44:14","date_gmt":"2024-04-09T22:44:14","guid":{"rendered":"https:\/\/todoapulmon-rafaela.com\/?p=47305"},"modified":"2024-04-17T18:27:35","modified_gmt":"2024-04-17T18:27:35","slug":"bikers-con-buena-performance-en-villa-urquiza","status":"publish","type":"post","link":"https:\/\/todoapulmon-rafaela.com\/index.php\/2024\/04\/09\/bikers-con-buena-performance-en-villa-urquiza\/","title":{"rendered":"Bikers con buena performance en Villa Urquiza"},"content":{"rendered":"<p>El domingo se disput\u00f3 en Villa Urquiza una competencia de Rally Bike sobre 70 kil\u00f3metros de recorrido en los caminos de esa regi\u00f3n entrerriana. En la misma participaron algunos bikers rafaelinos, con los triunfos en sus respectivas categor\u00edas de C\u00e9sar Bonetto y Norberto Willener.<\/p>\n<p>En la general, los mejores ubicados fueron Araceli Costamagna (2h 45m 58s el tiempo) en el quinto puesto de damas y C\u00e9sar Bonetto (1h 37m 16s), en sexto lugar por el lado de los varones.<\/p>\n<p><strong>POR CATEGORIAS<\/strong><\/p>\n<p>Estos fueron los mejores representantes de Rafaela ubicados:<\/p>\n<p><strong>Damas B1:<\/strong> 2) Araceli Costamagna.<\/p>\n<p><strong>Varones<\/strong> A2: 3) Gabriel Imhoff.<\/p>\n<p><strong>Varones B1:<\/strong> 11) Mat\u00edas Dominino.<\/p>\n<p><strong>Varones B2:<\/strong> 6) Joaqu\u00edn Roca, 15) Gerardo Cabrera.<\/p>\n<p><strong>Varones C1:<\/strong> 1) C\u00e9sar Bonetto.<\/p>\n<p><strong>D1:<\/strong> 1) Norberto Willener.<\/p>\n<p><img loading=\"lazy\" decoding=\"async\" class=\"alignnone size-full wp-image-47312\" src=\"https:\/\/todoapulmon-rafaela.com\/wp-content\/uploads\/2024\/04\/Willener-Villa-Urquiza.jpg\" alt=\"\" width=\"720\" height=\"720\" srcset=\"https:\/\/todoapulmon-rafaela.com\/wp-content\/uploads\/2024\/04\/Willener-Villa-Urquiza.jpg 720w, https:\/\/todoapulmon-rafaela.com\/wp-content\/uploads\/2024\/04\/Willener-Villa-Urquiza-300x300.jpg 300w, https:\/\/todoapulmon-rafaela.com\/wp-content\/uploads\/2024\/04\/Willener-Villa-Urquiza-150x150.jpg 150w\" sizes=\"(max-width: 720px) 100vw, 720px\" \/><\/p>\n<p>&nbsp;<\/p>\n","protected":false},"excerpt":{"rendered":"<p>El domingo se disput\u00f3 en Villa Urquiza una competencia de Rally Bike sobre 70 kil\u00f3metros de recorrido en los caminos<\/p>\n","protected":false},"author":2,"featured_media":47311,"comment_status":"closed","ping_status":"closed","sticky":false,"template":"","format":"standard","meta":{"footnotes":""},"categories":[4,24],"tags":[],"class_list":["post-47305","post","type-post","status-publish","format-standard","has-post-thumbnail","hentry","category-ciclismo","category-noticias-destacadas"],"cc_featured_image_caption":{"caption_text":"C\u00e9sar Bonetto gan\u00f3 su categor\u00eda y fue sexto en la general.","source_text":"","source_url":""},"_links":{"self":[{"href":"https:\/\/todoapulmon-rafaela.com\/index.php\/wp-json\/wp\/v2\/posts\/47305"}],"collection":[{"href":"https:\/\/todoapulmon-rafaela.com\/index.php\/wp-json\/wp\/v2\/posts"}],"about":[{"href":"https:\/\/todoapulmon-rafaela.com\/index.php\/wp-json\/wp\/v2\/types\/post"}],"author":[{"embeddable":true,"href":"https:\/\/todoapulmon-rafaela.com\/index.php\/wp-json\/wp\/v2\/users\/2"}],"replies":[{"embeddable":true,"href":"https:\/\/todoapulmon-rafaela.com\/index.php\/wp-json\/wp\/v2\/comments?post=47305"}],"version-history":[{"count":4,"href":"https:\/\/todoapulmon-rafaela.com\/index.php\/wp-json\/wp\/v2\/posts\/47305\/revisions"}],"predecessor-version":[{"id":47549,"href":"https:\/\/todoapulmon-rafaela.com\/index.php\/wp-json\/wp\/v2\/posts\/47305\/revisions\/47549"}],"wp:featuredmedia":[{"embeddable":true,"href":"https:\/\/todoapulmon-rafaela.com\/index.php\/wp-json\/wp\/v2\/media\/47311"}],"wp:attachment":[{"href":"https:\/\/todoapulmon-rafaela.com\/index.php\/wp-json\/wp\/v2\/media?parent=47305"}],"wp:term":[{"taxonomy":"category","embeddable":true,"href":"https:\/\/todoapulmon-rafaela.com\/index.php\/wp-json\/wp\/v2\/categories?post=47305"},{"taxonomy":"post_tag","embeddable":true,"href":"https:\/\/todoapulmon-rafaela.com\/index.php\/wp-json\/wp\/v2\/tags?post=47305"}],"curies":[{"name":"wp","href":"https:\/\/api.w.org\/{rel}","templated":true}]}}