{"id":47300,"date":"2024-04-09T19:11:24","date_gmt":"2024-04-09T19:11:24","guid":{"rendered":"https:\/\/todoapulmon-rafaela.com\/?p=47300"},"modified":"2024-04-09T19:27:36","modified_gmt":"2024-04-09T19:27:36","slug":"47300","status":"publish","type":"post","link":"https:\/\/todoapulmon-rafaela.com\/index.php\/2024\/04\/09\/47300\/","title":{"rendered":"Una nueva participaci\u00f3n de Mondino y Emmert a nivel Sudamericano"},"content":{"rendered":"<p>La ciudad de Mar del Plata se apresta a vivir una importante semana de atletismo internacional. Este mi\u00e9rcoles 10 de abril se har\u00e1 la nueva edici\u00f3n de su tradicional torneo \u00abSemana del Mar\u00bb como parte el Continental Tour de World Athletics. Tendr\u00e1 como escenario la pista de atletismo Justo Rom\u00e1n, en el Estadio Municipal, en una jornada que ir\u00e1 de 14 a 17.30 y en la que participar\u00e1n 200 atletas, 60 de ellos procedentes de pa\u00edses vecinos.<\/p>\n<p>Al igual que durante el pasado fin de semana en\u00a0 Concepci\u00f3n del Uruguay estar\u00e1n varias de las figuras de nuestro pa\u00eds, entre ellos los rafaelinos Tom\u00e1s Mondino (100 metros) y Pedro Emmert (400 metros), as\u00ed como destacados visitantes.<\/p>\n<p>Las series de 100 metros llanos se desarrollar\u00e1n desde las 14.30, en tanto que la final tendr\u00e1 lugar a las 16. El paname\u00f1o Arturo Deliser, ganador en Entre R\u00edos, est\u00e1 nuevamente inscripto.<\/p>\n<p><img loading=\"lazy\" decoding=\"async\" class=\"alignnone size-full wp-image-41520\" src=\"https:\/\/todoapulmon-rafaela.com\/wp-content\/uploads\/2023\/07\/Emmert-previa-Suda.jpg\" alt=\"\" width=\"1024\" height=\"683\" srcset=\"https:\/\/todoapulmon-rafaela.com\/wp-content\/uploads\/2023\/07\/Emmert-previa-Suda.jpg 1024w, https:\/\/todoapulmon-rafaela.com\/wp-content\/uploads\/2023\/07\/Emmert-previa-Suda-300x200.jpg 300w\" sizes=\"(max-width: 1024px) 100vw, 1024px\" \/><\/p>\n<p>En tanto, la prueba de 400 metros llanos est\u00e1 programada para las 14.55. El colombiano John Perlaza y el chileno Alfredo Sep\u00falveda son los extranjeros de mayor nivel inscriptos junto a los atletas argentinos.<\/p>\n<p>Recordemos que el fin de semana \u00faltimo en Concepci\u00f3n del Uruguay, Mondino fue segundo en los 100 metros y tercero en los 200, mientras que Emmert fue tercero en 400 metros.<\/p>\n","protected":false},"excerpt":{"rendered":"<p>La ciudad de Mar del Plata se apresta a vivir una importante semana de atletismo internacional. Este mi\u00e9rcoles 10 de<\/p>\n","protected":false},"author":2,"featured_media":47304,"comment_status":"closed","ping_status":"closed","sticky":false,"template":"","format":"standard","meta":{"footnotes":""},"categories":[7,24],"tags":[],"class_list":["post-47300","post","type-post","status-publish","format-standard","has-post-thumbnail","hentry","category-atletismo","category-noticias-destacadas"],"cc_featured_image_caption":{"caption_text":"Tom\u00e1s Mondino durante el torneo celebrado en Concepci\u00f3n del Uruguay (TTL Deportes).","source_text":"","source_url":""},"_links":{"self":[{"href":"https:\/\/todoapulmon-rafaela.com\/index.php\/wp-json\/wp\/v2\/posts\/47300"}],"collection":[{"href":"https:\/\/todoapulmon-rafaela.com\/index.php\/wp-json\/wp\/v2\/posts"}],"about":[{"href":"https:\/\/todoapulmon-rafaela.com\/index.php\/wp-json\/wp\/v2\/types\/post"}],"author":[{"embeddable":true,"href":"https:\/\/todoapulmon-rafaela.com\/index.php\/wp-json\/wp\/v2\/users\/2"}],"replies":[{"embeddable":true,"href":"https:\/\/todoapulmon-rafaela.com\/index.php\/wp-json\/wp\/v2\/comments?post=47300"}],"version-history":[{"count":2,"href":"https:\/\/todoapulmon-rafaela.com\/index.php\/wp-json\/wp\/v2\/posts\/47300\/revisions"}],"predecessor-version":[{"id":47303,"href":"https:\/\/todoapulmon-rafaela.com\/index.php\/wp-json\/wp\/v2\/posts\/47300\/revisions\/47303"}],"wp:featuredmedia":[{"embeddable":true,"href":"https:\/\/todoapulmon-rafaela.com\/index.php\/wp-json\/wp\/v2\/media\/47304"}],"wp:attachment":[{"href":"https:\/\/todoapulmon-rafaela.com\/index.php\/wp-json\/wp\/v2\/media?parent=47300"}],"wp:term":[{"taxonomy":"category","embeddable":true,"href":"https:\/\/todoapulmon-rafaela.com\/index.php\/wp-json\/wp\/v2\/categories?post=47300"},{"taxonomy":"post_tag","embeddable":true,"href":"https:\/\/todoapulmon-rafaela.com\/index.php\/wp-json\/wp\/v2\/tags?post=47300"}],"curies":[{"name":"wp","href":"https:\/\/api.w.org\/{rel}","templated":true}]}}