{"id":47263,"date":"2024-04-08T10:27:42","date_gmt":"2024-04-08T10:27:42","guid":{"rendered":"https:\/\/todoapulmon-rafaela.com\/?p=47263"},"modified":"2024-04-08T10:30:01","modified_gmt":"2024-04-08T10:30:01","slug":"mondino-fue-tercero-en-los-200-metros","status":"publish","type":"post","link":"https:\/\/todoapulmon-rafaela.com\/index.php\/2024\/04\/08\/mondino-fue-tercero-en-los-200-metros\/","title":{"rendered":"Mondino fue tercero en los 200 metros"},"content":{"rendered":"<p>En la jornada del domingo continu\u00f3 el atletismo de jerarqu\u00eda en Concepci\u00f3n del Uruguay. Fue el torneo de homenaje al profesor Hugo La Nasa \u2013ex presidente de la CADA- y que constituy\u00f3 la antesala de la reuni\u00f3n por el Continental Tour, programada para el pr\u00f3ximo mi\u00e9rcoles 10 en Mar del Plata, donde tambi\u00e9n se har\u00e1 el Campeonato Argentino durante el fin de semana.<\/p>\n<p>En la serie central de 200 metros varones qued\u00f3 tercero Tom\u00e1s Mondino. Hubo un buen triunfo de Juan Ignacio Ciampitti con 21.03, quedando el paname\u00f1o Arturo Deliser como escolta (21.48) y el juvenil rafaelino, recordman nacional, tercero con 21.63. Mondino ven\u00eda el s\u00e1bado de ser segundo en 100 metros con marca m\u00ednima para el Mundial U20.<\/p>\n<p>Varios de los mejores atletas argentinos pudieron entrar en acci\u00f3n con estos torneos y tambi\u00e9n llegaron algunos visitantes de jerarqu\u00eda. En especial, el venezolano y campe\u00f3n panamericano de los 800 metros Jos\u00e9 Antonio Maita<strong>,<\/strong> quien impuso su autoridad con un muy registro de 1:47.08, delante de los mediofondistas brasile\u00f1os: Guilherme Santana Orenhas (1:48.16), Guilherme Kurtz (1:48.38) y Thiago do Rosario Andr\u00e9, ex finalista Mundial, quien marc\u00f3 ahora 1:48.81. Franco Peid\u00f3n, quinto con 1:50.03, fue el mejor de los argentinos en esa prueba. El rafaelino Pedro Emmert qued\u00f3 s\u00e9ptimo en su serie con 1m 55s 05, recordando que hab\u00eda sido tercero el s\u00e1bado en 400 metros.<\/p>\n<p>En la prueba de salto en largo fue tercero Brian L\u00f3pez, atleta de Humboldt entrenado por Ariel Magallanes, con 7m 61.<\/p>\n","protected":false},"excerpt":{"rendered":"<p>En la jornada del domingo continu\u00f3 el atletismo de jerarqu\u00eda en Concepci\u00f3n del Uruguay. Fue el torneo de homenaje al<\/p>\n","protected":false},"author":2,"featured_media":47264,"comment_status":"closed","ping_status":"closed","sticky":false,"template":"","format":"standard","meta":{"footnotes":""},"categories":[7,24],"tags":[],"class_list":["post-47263","post","type-post","status-publish","format-standard","has-post-thumbnail","hentry","category-atletismo","category-noticias-destacadas"],"cc_featured_image_caption":{"caption_text":"FOTO CADA","source_text":"","source_url":""},"_links":{"self":[{"href":"https:\/\/todoapulmon-rafaela.com\/index.php\/wp-json\/wp\/v2\/posts\/47263"}],"collection":[{"href":"https:\/\/todoapulmon-rafaela.com\/index.php\/wp-json\/wp\/v2\/posts"}],"about":[{"href":"https:\/\/todoapulmon-rafaela.com\/index.php\/wp-json\/wp\/v2\/types\/post"}],"author":[{"embeddable":true,"href":"https:\/\/todoapulmon-rafaela.com\/index.php\/wp-json\/wp\/v2\/users\/2"}],"replies":[{"embeddable":true,"href":"https:\/\/todoapulmon-rafaela.com\/index.php\/wp-json\/wp\/v2\/comments?post=47263"}],"version-history":[{"count":3,"href":"https:\/\/todoapulmon-rafaela.com\/index.php\/wp-json\/wp\/v2\/posts\/47263\/revisions"}],"predecessor-version":[{"id":47267,"href":"https:\/\/todoapulmon-rafaela.com\/index.php\/wp-json\/wp\/v2\/posts\/47263\/revisions\/47267"}],"wp:featuredmedia":[{"embeddable":true,"href":"https:\/\/todoapulmon-rafaela.com\/index.php\/wp-json\/wp\/v2\/media\/47264"}],"wp:attachment":[{"href":"https:\/\/todoapulmon-rafaela.com\/index.php\/wp-json\/wp\/v2\/media?parent=47263"}],"wp:term":[{"taxonomy":"category","embeddable":true,"href":"https:\/\/todoapulmon-rafaela.com\/index.php\/wp-json\/wp\/v2\/categories?post=47263"},{"taxonomy":"post_tag","embeddable":true,"href":"https:\/\/todoapulmon-rafaela.com\/index.php\/wp-json\/wp\/v2\/tags?post=47263"}],"curies":[{"name":"wp","href":"https:\/\/api.w.org\/{rel}","templated":true}]}}