{"id":4720,"date":"2017-02-20T17:02:21","date_gmt":"2017-02-20T17:02:21","guid":{"rendered":"http:\/\/todoapulmon-rafaela.com\/?p=4720"},"modified":"2017-02-20T17:02:21","modified_gmt":"2017-02-20T17:02:21","slug":"protagonismo-del-triatlon-rafaelino-en-reconquista-y-diamante","status":"publish","type":"post","link":"https:\/\/todoapulmon-rafaela.com\/index.php\/2017\/02\/20\/protagonismo-del-triatlon-rafaelino-en-reconquista-y-diamante\/","title":{"rendered":"Protagonismo del triatl\u00f3n rafaelino en Reconquista y Diamante"},"content":{"rendered":"<p>Por partida doble hubo actividad este fin de semana para los representantes del Tria Training Group de nuestra ciudad. Los deportistas entrenados por Joaquin Avila tomaron parte de programaciones realizadas en Diamante y Reconquista, con muy buenas performances.<\/p>\n<p>En la localidad entrerriana finalmente se desarroll\u00f3 un duatl\u00f3n sprint con 5km. de pedestrismo, 20 km. de ciclismo y 2,5 km. de pedestrismo, debido a las condiciones clim\u00e1ticas reinantes.<\/p>\n<p>La general femenina sprint mtb tuvo la sexta y s\u00e9ptima posici\u00f3n, respectivamente en la general damas, de Natalia Koch y Alejandra Gauchat, quienes quedaron primera y segunda en la categor\u00eda 31+. Sus tiempos fueron 1h19m57s y 1h20m26s, respectivamente.<\/p>\n<p>En tanto, H\u00e9ctor Ceballos fue cuarto en la categor\u00eda varones mtb rodado 29 con 1h17m13s.<\/p>\n<p>EN RECONQUISTA<\/p>\n<p>Este domingo tuvo lugar en Reconquista la fecha del Campeonato Argentino de Triatl\u00f3n Conferencia Centro.<br \/>\nSe realiz\u00f3 con 150 corredores en las dos distancias.<\/p>\n<p>Pablo Bainotti fue 10\u00ba general standard con 2h08m31s y gan\u00f3 su categor\u00eda, de 25 a 29 a\u00f1os.<\/p>\n<p>Sergio Peretti fue 12\u00ba en la general Standard con 2h11m19s y se impuso en su categor\u00eda, de 55 a 59 a\u00f1os.<\/p>\n<p>Susana Hauswirth (que corri\u00f3 en su ciudad natal) qued\u00f3 4\u00aa en la general femenina con un tiempo de 2h32m11s y fue \u00fanica integrante de su categor\u00eda (45 a 49 a\u00f1os).<\/p>\n<p><img loading=\"lazy\" decoding=\"async\" class=\"alignnone size-medium wp-image-4723\" src=\"http:\/\/todoapulmon-rafaela.com\/wp-content\/uploads\/2017\/02\/16903200_1591342164215431_5490506270769814697_o-169x300.jpg\" alt=\"16903200_1591342164215431_5490506270769814697_o\" width=\"169\" height=\"300\" srcset=\"https:\/\/todoapulmon-rafaela.com\/wp-content\/uploads\/2017\/02\/16903200_1591342164215431_5490506270769814697_o-169x300.jpg 169w, https:\/\/todoapulmon-rafaela.com\/wp-content\/uploads\/2017\/02\/16903200_1591342164215431_5490506270769814697_o-576x1024.jpg 576w, https:\/\/todoapulmon-rafaela.com\/wp-content\/uploads\/2017\/02\/16903200_1591342164215431_5490506270769814697_o.jpg 581w\" sizes=\"(max-width: 169px) 100vw, 169px\" \/><\/p>\n<figure id=\"attachment_4724\" aria-describedby=\"caption-attachment-4724\" style=\"width: 300px\" class=\"wp-caption alignnone\"><img loading=\"lazy\" decoding=\"async\" class=\"size-medium wp-image-4724\" src=\"http:\/\/todoapulmon-rafaela.com\/wp-content\/uploads\/2017\/02\/16797474_1591076890908625_5007609808078454462_o-1-300x223.jpg\" alt=\"Peretti, Hauswirth y Bainotti en Reconquista; Koch, Gauchat y Ceballos en Diamante.\" width=\"300\" height=\"223\" srcset=\"https:\/\/todoapulmon-rafaela.com\/wp-content\/uploads\/2017\/02\/16797474_1591076890908625_5007609808078454462_o-1-300x223.jpg 300w, https:\/\/todoapulmon-rafaela.com\/wp-content\/uploads\/2017\/02\/16797474_1591076890908625_5007609808078454462_o-1-768x571.jpg 768w, https:\/\/todoapulmon-rafaela.com\/wp-content\/uploads\/2017\/02\/16797474_1591076890908625_5007609808078454462_o-1.jpg 960w\" sizes=\"(max-width: 300px) 100vw, 300px\" \/><figcaption id=\"caption-attachment-4724\" class=\"wp-caption-text\">Peretti, Hauswirth y Bainotti en Reconquista; Koch, Gauchat y Ceballos en Diamante.<\/figcaption><\/figure>\n","protected":false},"excerpt":{"rendered":"<p>Por partida doble hubo actividad este fin de semana para los representantes del Tria Training Group de nuestra ciudad. Los<\/p>\n","protected":false},"author":2,"featured_media":4722,"comment_status":"open","ping_status":"open","sticky":false,"template":"","format":"standard","meta":{"footnotes":""},"categories":[24,28],"tags":[],"class_list":["post-4720","post","type-post","status-publish","format-standard","has-post-thumbnail","hentry","category-noticias-destacadas","category-triatlon"],"cc_featured_image_caption":{"caption_text":"Pablo Bainotti, uno de los destacados, en lo m\u00e1s alto del podio de su categor\u00eda en Reconquista (Foto Tria Training Group).","source_text":"","source_url":""},"_links":{"self":[{"href":"https:\/\/todoapulmon-rafaela.com\/index.php\/wp-json\/wp\/v2\/posts\/4720"}],"collection":[{"href":"https:\/\/todoapulmon-rafaela.com\/index.php\/wp-json\/wp\/v2\/posts"}],"about":[{"href":"https:\/\/todoapulmon-rafaela.com\/index.php\/wp-json\/wp\/v2\/types\/post"}],"author":[{"embeddable":true,"href":"https:\/\/todoapulmon-rafaela.com\/index.php\/wp-json\/wp\/v2\/users\/2"}],"replies":[{"embeddable":true,"href":"https:\/\/todoapulmon-rafaela.com\/index.php\/wp-json\/wp\/v2\/comments?post=4720"}],"version-history":[{"count":2,"href":"https:\/\/todoapulmon-rafaela.com\/index.php\/wp-json\/wp\/v2\/posts\/4720\/revisions"}],"predecessor-version":[{"id":4725,"href":"https:\/\/todoapulmon-rafaela.com\/index.php\/wp-json\/wp\/v2\/posts\/4720\/revisions\/4725"}],"wp:featuredmedia":[{"embeddable":true,"href":"https:\/\/todoapulmon-rafaela.com\/index.php\/wp-json\/wp\/v2\/media\/4722"}],"wp:attachment":[{"href":"https:\/\/todoapulmon-rafaela.com\/index.php\/wp-json\/wp\/v2\/media?parent=4720"}],"wp:term":[{"taxonomy":"category","embeddable":true,"href":"https:\/\/todoapulmon-rafaela.com\/index.php\/wp-json\/wp\/v2\/categories?post=4720"},{"taxonomy":"post_tag","embeddable":true,"href":"https:\/\/todoapulmon-rafaela.com\/index.php\/wp-json\/wp\/v2\/tags?post=4720"}],"curies":[{"name":"wp","href":"https:\/\/api.w.org\/{rel}","templated":true}]}}