{"id":47168,"date":"2024-04-05T11:34:11","date_gmt":"2024-04-05T11:34:11","guid":{"rendered":"https:\/\/todoapulmon-rafaela.com\/?p=47168"},"modified":"2024-04-05T11:47:37","modified_gmt":"2024-04-05T11:47:37","slug":"arranca-la-temporada-en-ataliva-y-el-casarin","status":"publish","type":"post","link":"https:\/\/todoapulmon-rafaela.com\/index.php\/2024\/04\/05\/arranca-la-temporada-en-ataliva-y-el-casarin\/","title":{"rendered":"Arranca la temporada en Ataliva y el Casar\u00edn"},"content":{"rendered":"<p>Con dos partidos dar\u00e1 comienzo este viernes el torneo \u00abJorge Cagliero\u00bb de primera divisi\u00f3n de la Asociaci\u00f3n Rafaelina de B\u00e1squetbol.<\/p>\n<p>El salto inicial estar\u00e1 en Ataliva con el partido entre Independiente de Rafaela y Argentino Quilmes, de acuerdo a la modalidad dispuesta por la nueva conducci\u00f3n de la ARB. Ese encuentro tiene horario de inicio para las 20.30.<\/p>\n<p>En el CAI, dirigido por Walter Storani, en relaci\u00f3n a la temporada anterior no contin\u00faan Bruno Fagnola, Agust\u00edn R\u00edos y Joaqu\u00edn Dusso, el primero que decidi\u00f3 dar un paso al costado en el deporte, y los restantes que seguir\u00e1n sus estudios fuera de la ciudad.<\/p>\n<p>Entre las altas, hay tres regresos a la instituci\u00f3n de calle Chacabuco:\u00a0Facundo Trinchieri, Rafael Curti y Pablo Rocchia, para darle un toque de experiencia a los jugadores del Club que est\u00e1n siendo la base en las \u00faltimas temporadas.<\/p>\n<p>Por el lado del elenco cervecero, que tiene la continuidad de Gerardo Velazco como entrenador, se sum\u00f3 el pivot Tom\u00e1s Oggero que volvi\u00f3 a la instituci\u00f3n luego de jugar unos a\u00f1os en 9 de Julio. Tambi\u00e9n llegaron Alexis Bustamante, ex Atl\u00e9tico oriundo de Mar\u00eda Juana, y Francisco Segatti. No contin\u00faan Mat\u00edas Pecantet, Ignacio Boratto, Pablo Caligaris y Gast\u00f3n Schneider.<\/p>\n<p>EL OTRO DUELO EN EL LUCIO CASARIN<\/p>\n<p>En nuestra ciudad tendremos un atrayente partido en el gimnasio Lucio Casar\u00edn, con Atl\u00e9tico y Ben Hur a partir de las 21.30.<\/p>\n<p>El a\u00f1o trajo novedades en la conformaci\u00f3n del grupo de trabajo y del plantel celeste, ya que luego de dos temporadas de Javier Maretto como entrenador, Claudio Requejo se hizo cargo del equipo, acompa\u00f1ado por Gonzalo Bilbao como preparador f\u00edsico.<br \/>\nDentro del rect\u00e1ngulo las principales novedades son los regresos de Valent\u00edn V\u00e1squez (Central de Ceres), Gast\u00f3n Schneider (Argentino Quilmes) y Francisco Balangero, quien vuelve luego de un tiempo inactivo. Las bajas son Luciano Volta, Juan Gonz\u00e1lez y Francisco Cantalejo, mientras que se mantiene la base de la temporada pasada.<\/p>\n<p>Por el lado de Ben Hur, tambi\u00e9n estrena entrenador principal con Juan Ignacio Andornino, que toma la posta tras el paso de Andr\u00e9s Mandrille. Hubo algunos regresos, como los de Bruno Grande, Emiliano Gerbaldo y Jos\u00e9 Mariotta, mientras que Francisco Serrano est\u00e1 en la etapa final de recuperaci\u00f3n de una lesi\u00f3n de rodilla.<\/p>\n<p>Se sum\u00f3 Carlos Araujo, un pivot proveniente de Atl\u00e9tico Tostado, y Lorenzo Boschetto, ex Independiente. Norlis Dobler est\u00e1 entre las bajas, ya que volvi\u00f3 a 9 de Julio.<\/p>\n<p><strong>LOS PARTIDOS DEL DOMINGO<\/strong><\/p>\n<p>A las 20.00 Uni\u00f3n vs Libertad<br \/>\nEstadio: \u201cLa Fortaleza\u201d (Sunchales).<\/p>\n<p>A las 20.30 Racing LTC vs 9 de Julio<br \/>\nEstadio: \u201cAmancio Fuentes\u201d (San Crist\u00f3bal).<\/p>\n<p>Libre: Pe\u00f1arol.<\/p>\n<p><strong>PROGRAMACION DEL FEMENINO<\/strong><\/p>\n<p>La ARB tambi\u00e9n dio a conocer la programaci\u00f3n de la rama femenina, que tendr\u00e1 estos tres partidos:<\/p>\n<p><strong>VIERNES 5<\/strong><\/p>\n<p>A las 22, Independiente de Ataliva vs. Racing LTC de San Crist\u00f3bal.<\/p>\n<p>Estadio: \u201cPasi\u00f3n Roja\u201d.<\/p>\n<p><strong>SABADO 6<\/strong><br \/>\nA las 20.30 San Lorenzo de Tostado vs. Uni\u00f3n de Sunchales.<br \/>\nEstadio: \u201cFort\u00edn de la Garra\u201d.<\/p>\n<p>Libertad de Sunchales vs. Sportivo Ben Hur<br \/>\nD\u00eda y horario: A confirmar.<\/p>\n<p>Estadio: \u201cHogar de los Tigres\u201d.<\/p>\n","protected":false},"excerpt":{"rendered":"<p>Con dos partidos dar\u00e1 comienzo este viernes el torneo \u00abJorge Cagliero\u00bb de primera divisi\u00f3n de la Asociaci\u00f3n Rafaelina de B\u00e1squetbol.<\/p>\n","protected":false},"author":2,"featured_media":47169,"comment_status":"closed","ping_status":"closed","sticky":false,"template":"","format":"standard","meta":{"footnotes":""},"categories":[5,24],"tags":[],"class_list":["post-47168","post","type-post","status-publish","format-standard","has-post-thumbnail","hentry","category-basquet","category-noticias-destacadas"],"cc_featured_image_caption":{"caption_text":"El torneo \"Jorge Cagliero\" tendr\u00e1 su primer partido en Ataliva.","source_text":"","source_url":""},"_links":{"self":[{"href":"https:\/\/todoapulmon-rafaela.com\/index.php\/wp-json\/wp\/v2\/posts\/47168"}],"collection":[{"href":"https:\/\/todoapulmon-rafaela.com\/index.php\/wp-json\/wp\/v2\/posts"}],"about":[{"href":"https:\/\/todoapulmon-rafaela.com\/index.php\/wp-json\/wp\/v2\/types\/post"}],"author":[{"embeddable":true,"href":"https:\/\/todoapulmon-rafaela.com\/index.php\/wp-json\/wp\/v2\/users\/2"}],"replies":[{"embeddable":true,"href":"https:\/\/todoapulmon-rafaela.com\/index.php\/wp-json\/wp\/v2\/comments?post=47168"}],"version-history":[{"count":4,"href":"https:\/\/todoapulmon-rafaela.com\/index.php\/wp-json\/wp\/v2\/posts\/47168\/revisions"}],"predecessor-version":[{"id":47173,"href":"https:\/\/todoapulmon-rafaela.com\/index.php\/wp-json\/wp\/v2\/posts\/47168\/revisions\/47173"}],"wp:featuredmedia":[{"embeddable":true,"href":"https:\/\/todoapulmon-rafaela.com\/index.php\/wp-json\/wp\/v2\/media\/47169"}],"wp:attachment":[{"href":"https:\/\/todoapulmon-rafaela.com\/index.php\/wp-json\/wp\/v2\/media?parent=47168"}],"wp:term":[{"taxonomy":"category","embeddable":true,"href":"https:\/\/todoapulmon-rafaela.com\/index.php\/wp-json\/wp\/v2\/categories?post=47168"},{"taxonomy":"post_tag","embeddable":true,"href":"https:\/\/todoapulmon-rafaela.com\/index.php\/wp-json\/wp\/v2\/tags?post=47168"}],"curies":[{"name":"wp","href":"https:\/\/api.w.org\/{rel}","templated":true}]}}