{"id":46891,"date":"2024-03-20T12:12:45","date_gmt":"2024-03-20T12:12:45","guid":{"rendered":"https:\/\/todoapulmon-rafaela.com\/?p=46891"},"modified":"2024-03-20T12:12:45","modified_gmt":"2024-03-20T12:12:45","slug":"san-juan-se-bajo-de-la-sede-del-mundial-de-pista-2025","status":"publish","type":"post","link":"https:\/\/todoapulmon-rafaela.com\/index.php\/2024\/03\/20\/san-juan-se-bajo-de-la-sede-del-mundial-de-pista-2025\/","title":{"rendered":"San Juan se baj\u00f3 de la sede del Mundial de Pista 2025"},"content":{"rendered":"<p>A un a\u00f1o y medio de que se anunciara a San Juan como sede, por primera vez en la historia de Argentina, del Mundial de Ciclismo de Pista 2025, el Gobierno provincial rompi\u00f3 el compromiso con la UCI (Uni\u00f3n Ciclista Internacional) y dio de baja al importante evento deportivo. Una decisi\u00f3n que responde a su alt\u00edsimo costo y la profunda crisis econ\u00f3mica que atraviesa el pa\u00eds, inform\u00f3 Tiempo de San Juan.<\/p>\n<p>El Mundial iba a disputarse en octubre del a\u00f1o pr\u00f3ximo en el imponente vel\u00f3dromo Vicente Alejo Chancay, cuya obra culmin\u00f3 en 2023 tras cinco a\u00f1os de construcci\u00f3n, prometiendo as\u00ed la presencia de unos 400 deportistas de m\u00e1s de 45 pa\u00edses.<\/p>\n<p>Sin embargo, el nuevo gobierno provincial prefiri\u00f3 contener el gasto y priorizar otras \u00e1reas con esos presupuestos gigantes que se llevaban las fechas deportivas.<\/p>\n<p>Y siguiendo las medidas anunciadas por el gobernador Marcelo Orrego al inicio de su gesti\u00f3n, el Mundial de Ciclismo de Pista tambi\u00e9n fue dado de baja. Si bien tiene un gasto menor con respecto a la Vuelta a San Juan, la Provincia ten\u00eda que abonar 1.200.000 de d\u00f3lares y adem\u00e1s, ten\u00eda que hacerse cargo del pago de hoteler\u00eda, comida y traslado de todas las selecciones que llegaban al vel\u00f3dromo pocitano.<\/p>\n<p>Tampoco el vel\u00f3dromo ubicado en Pocito ser\u00e1 el Centro de Desarrollo Satelital de la UCI, estatus que iba a posicionar a San Juan en todo el mundo e iba a designarla como la ciudad referente en Sudam\u00e9rica para el crecimiento del ciclismo en varios aspectos interrelacionados. El vel\u00f3dromo se iba a sumar a un selecto listado que ya integran las ciudades de Shuzenji (Jap\u00f3n), Yeongju (Corea del Sur), Paarl (Sud\u00e1frica), Nueva Delhi (India), Anadia (Portugal), Couva (Trinidad y Tobago) y Bromont (Canad\u00e1). Sin embargo, iba a tratarse tambi\u00e9n de un compromiso de alt\u00edsimo costo.<\/p>\n<p>EL MUNDIAL SE HARA EN CHILE<\/p>\n<p>El presidente del Comit\u00e9 Ol\u00edmpico de Chile, Miguel \u00c1ngel Mujica, expres\u00f3 que ser\u00e1 Santiago la ciudad que se transformar\u00e1 en el nuevo destino mundialista. \u201cConversando con el presidente de la Uni\u00f3n Ciclista Internacional (UCI), nos enteramos que lamentablemente San Juan hab\u00eda declinado su postulaci\u00f3n por un tema econ\u00f3mico. De inmediato nos pusimos en contacto con el Ministerio del Deporte y se mostraron receptivos a la idea\u201d, expres\u00f3 Mujica por la Radio Universal de Chile.<\/p>\n","protected":false},"excerpt":{"rendered":"<p>A un a\u00f1o y medio de que se anunciara a San Juan como sede, por primera vez en la historia<\/p>\n","protected":false},"author":2,"featured_media":46892,"comment_status":"closed","ping_status":"closed","sticky":false,"template":"","format":"standard","meta":{"footnotes":""},"categories":[4],"tags":[],"class_list":["post-46891","post","type-post","status-publish","format-standard","has-post-thumbnail","hentry","category-ciclismo"],"cc_featured_image_caption":{"caption_text":"El vel\u00f3dromo techado \"Vicente Chancay\" no ser\u00e1 la sede del Mundial 2025.","source_text":"","source_url":""},"_links":{"self":[{"href":"https:\/\/todoapulmon-rafaela.com\/index.php\/wp-json\/wp\/v2\/posts\/46891"}],"collection":[{"href":"https:\/\/todoapulmon-rafaela.com\/index.php\/wp-json\/wp\/v2\/posts"}],"about":[{"href":"https:\/\/todoapulmon-rafaela.com\/index.php\/wp-json\/wp\/v2\/types\/post"}],"author":[{"embeddable":true,"href":"https:\/\/todoapulmon-rafaela.com\/index.php\/wp-json\/wp\/v2\/users\/2"}],"replies":[{"embeddable":true,"href":"https:\/\/todoapulmon-rafaela.com\/index.php\/wp-json\/wp\/v2\/comments?post=46891"}],"version-history":[{"count":1,"href":"https:\/\/todoapulmon-rafaela.com\/index.php\/wp-json\/wp\/v2\/posts\/46891\/revisions"}],"predecessor-version":[{"id":46893,"href":"https:\/\/todoapulmon-rafaela.com\/index.php\/wp-json\/wp\/v2\/posts\/46891\/revisions\/46893"}],"wp:featuredmedia":[{"embeddable":true,"href":"https:\/\/todoapulmon-rafaela.com\/index.php\/wp-json\/wp\/v2\/media\/46892"}],"wp:attachment":[{"href":"https:\/\/todoapulmon-rafaela.com\/index.php\/wp-json\/wp\/v2\/media?parent=46891"}],"wp:term":[{"taxonomy":"category","embeddable":true,"href":"https:\/\/todoapulmon-rafaela.com\/index.php\/wp-json\/wp\/v2\/categories?post=46891"},{"taxonomy":"post_tag","embeddable":true,"href":"https:\/\/todoapulmon-rafaela.com\/index.php\/wp-json\/wp\/v2\/tags?post=46891"}],"curies":[{"name":"wp","href":"https:\/\/api.w.org\/{rel}","templated":true}]}}