{"id":46872,"date":"2024-03-19T17:26:29","date_gmt":"2024-03-19T17:26:29","guid":{"rendered":"https:\/\/todoapulmon-rafaela.com\/?p=46872"},"modified":"2024-03-19T17:26:29","modified_gmt":"2024-03-19T17:26:29","slug":"crar-inicia-el-sabado-su-participacion-en-el-dos-orillas-juvenil","status":"publish","type":"post","link":"https:\/\/todoapulmon-rafaela.com\/index.php\/2024\/03\/19\/crar-inicia-el-sabado-su-participacion-en-el-dos-orillas-juvenil\/","title":{"rendered":"CRAR inicia el s\u00e1bado su participaci\u00f3n en el Dos Orillas Juvenil"},"content":{"rendered":"<p>El C\u00edrculo Rafaelino de Rugby comenzar\u00e1 el s\u00e1bado 23 de marzo la temporada oficial de rugby juvenil, con la disputa de la primera fecha del torneo Dos Orillas que organizan las Uniones Santafesina y Entrerriana.<\/p>\n<p>El rival en la primera fecha ser\u00e1 Cha Roga, en Santo Tom\u00e9; luego en la segunda fecha (6 de abril) CRAR recibir\u00e1 a Santa Fe RC; en la tercera fecha visitar\u00e1 a Rowing en Paran\u00e1; en la cuarta fecha (20 de abril) quedar\u00e1 libre; en la quinta fecha recibir\u00e1 a Tilcara de Paran\u00e1; en la sexta fecha ser\u00e1 visitante de Santa Fe RC B-CRAI B; luego en la s\u00e9ptima ser\u00e1 anfitri\u00f3n de Brown de San Vicente; en la octava viajar\u00e1 a Santa Fe para jugar con Querand\u00ed (solo M15); en la novena recibir\u00e1 a CRAI; en la d\u00e9cima ir\u00e1 a Caba\u00f1a Leiva ante La Salle; en la und\u00e9cima jugar\u00e1 en Rafaela con Universitario; en la decimosegunda viajar\u00e1 a Paran\u00e1 para jugar con Estudiantes y en la decimotercera y \u00faltima ser\u00e1 anfitri\u00f3n de Alma Juniors de Esperanza (29 de junio).<\/p>\n<p><strong>STAFF TECNICO DEL VERDE<\/strong><\/p>\n<p><strong>M14:<\/strong> Andr\u00e9s Sorisio y Hugo P\u00e1ez.<\/p>\n<p><strong>M15:<\/strong> Nicol\u00e1s Sorisio, Lucas Bertholt y Santiago Gutman.<\/p>\n<p><strong>M16:<\/strong> Mauro Long, Eduardo Cesano y Agust\u00edn Cesano.<\/p>\n<p><strong>M17:<\/strong> Diego Rivas y Ramiro Far\u00edas.<\/p>\n<p><strong>M19:<\/strong> C\u00e9sar Mandrille, Rodrigo Simondi, Mart\u00edn Zegaib, Guillermo Brown y Maximiliano Bertholt.<\/p>\n<p><strong>Line Out:<\/strong> Mariano Ferrero y Manuel Mandrille.<\/p>\n<p><strong>Scrum:<\/strong> Gerardo Simondi.<\/p>\n<p><strong>Preparadores f\u00edsicos:<\/strong> Jos\u00e9 Campos, David Krause y Cristian Franza.<\/p>\n","protected":false},"excerpt":{"rendered":"<p>El C\u00edrculo Rafaelino de Rugby comenzar\u00e1 el s\u00e1bado 23 de marzo la temporada oficial de rugby juvenil, con la disputa<\/p>\n","protected":false},"author":2,"featured_media":46874,"comment_status":"closed","ping_status":"closed","sticky":false,"template":"","format":"standard","meta":{"footnotes":""},"categories":[24,2],"tags":[],"class_list":["post-46872","post","type-post","status-publish","format-standard","has-post-thumbnail","hentry","category-noticias-destacadas","category-rugby"],"cc_featured_image_caption":{"caption_text":"","source_text":"","source_url":""},"_links":{"self":[{"href":"https:\/\/todoapulmon-rafaela.com\/index.php\/wp-json\/wp\/v2\/posts\/46872"}],"collection":[{"href":"https:\/\/todoapulmon-rafaela.com\/index.php\/wp-json\/wp\/v2\/posts"}],"about":[{"href":"https:\/\/todoapulmon-rafaela.com\/index.php\/wp-json\/wp\/v2\/types\/post"}],"author":[{"embeddable":true,"href":"https:\/\/todoapulmon-rafaela.com\/index.php\/wp-json\/wp\/v2\/users\/2"}],"replies":[{"embeddable":true,"href":"https:\/\/todoapulmon-rafaela.com\/index.php\/wp-json\/wp\/v2\/comments?post=46872"}],"version-history":[{"count":2,"href":"https:\/\/todoapulmon-rafaela.com\/index.php\/wp-json\/wp\/v2\/posts\/46872\/revisions"}],"predecessor-version":[{"id":46875,"href":"https:\/\/todoapulmon-rafaela.com\/index.php\/wp-json\/wp\/v2\/posts\/46872\/revisions\/46875"}],"wp:featuredmedia":[{"embeddable":true,"href":"https:\/\/todoapulmon-rafaela.com\/index.php\/wp-json\/wp\/v2\/media\/46874"}],"wp:attachment":[{"href":"https:\/\/todoapulmon-rafaela.com\/index.php\/wp-json\/wp\/v2\/media?parent=46872"}],"wp:term":[{"taxonomy":"category","embeddable":true,"href":"https:\/\/todoapulmon-rafaela.com\/index.php\/wp-json\/wp\/v2\/categories?post=46872"},{"taxonomy":"post_tag","embeddable":true,"href":"https:\/\/todoapulmon-rafaela.com\/index.php\/wp-json\/wp\/v2\/tags?post=46872"}],"curies":[{"name":"wp","href":"https:\/\/api.w.org\/{rel}","templated":true}]}}