{"id":46760,"date":"2024-03-15T20:03:00","date_gmt":"2024-03-15T20:03:00","guid":{"rendered":"https:\/\/todoapulmon-rafaela.com\/?p=46760"},"modified":"2024-03-15T20:03:00","modified_gmt":"2024-03-15T20:03:00","slug":"seleccionado-definido-para-el-panamericano-elite","status":"publish","type":"post","link":"https:\/\/todoapulmon-rafaela.com\/index.php\/2024\/03\/15\/seleccionado-definido-para-el-panamericano-elite\/","title":{"rendered":"Seleccionado definido para el Panamericano Elite"},"content":{"rendered":"<p>La <strong>Selecci\u00f3n Argentina ya defini\u00f3 el equipo que ser\u00e1 parte del Campeonato Panamericano de pista que por primera vez en la historia se realizar\u00e1 en Estados Unidos.<\/strong> El complejo Dignity Health Sports Park de la ciudad de Carson (California), cuenta con el vel\u00f3dromo cubierto m\u00e1s grande de ese pa\u00eds y ya fue designado como sede del ciclismo en los Juegos Ol\u00edmpicos de Los \u00c1ngeles 2028, pero antes recibir\u00e1 al Campeonato Panamericano de pista.<\/p>\n<p><strong>En esa importante cita internacional estar\u00e1n dos representantes del Club Ciclista de Rafaela, Natalia Vera y Alejo Betique<\/strong>.<\/p>\n<p><strong>TODOS LOS DESIGNADOS<\/strong><\/p>\n<p>Natalia Vera (Beltr\u00e1n, Santiago del Estero, radicada en Rafaela), Maribel Aguirre (San Juan), Alejo Betique (Ca\u00f1ada de G\u00f3mez), Lucas Vilar (Mar de Aj\u00f3), Juan Rodr\u00edguez (Capit\u00e1n Sarmiento), Marcos M\u00e9ndez (San Miguel), Rub\u00e9n Ramos (San Juan), Agust\u00edn Ferrari (Ciudad de Buenos Aires) y Franco Buchanan (Capilla del Se\u00f1or) formar\u00e1n el equipo argentino que contar\u00e1 con la presencia de Walter P\u00e9rez y el rafaelino Daniel Capella en el cuerpo t\u00e9cnico.<\/p>\n<p><img loading=\"lazy\" decoding=\"async\" class=\"alignnone size-full wp-image-46762\" src=\"https:\/\/todoapulmon-rafaela.com\/wp-content\/uploads\/2024\/03\/Capella-Betique.jpg\" alt=\"\" width=\"1496\" height=\"1496\" srcset=\"https:\/\/todoapulmon-rafaela.com\/wp-content\/uploads\/2024\/03\/Capella-Betique.jpg 1496w, https:\/\/todoapulmon-rafaela.com\/wp-content\/uploads\/2024\/03\/Capella-Betique-300x300.jpg 300w, https:\/\/todoapulmon-rafaela.com\/wp-content\/uploads\/2024\/03\/Capella-Betique-150x150.jpg 150w\" sizes=\"(max-width: 1496px) 100vw, 1496px\" \/><\/p>\n<p>Este certamen ser\u00e1 la \u00faltima oportunidad para los que quieran sumar puntos para la gran cita del a\u00f1o, los Juegos Ol\u00edmpicos de Par\u00eds 2024. Por eso adem\u00e1s del pa\u00eds organizador, Argentina, Brasil, Chile, Colombia, Costa Rica, Cuba, Ecuador, El Salvador, Guatemala, Hait\u00ed, Jamaica, M\u00e9xico, Nicaragua, Panam\u00e1, Paraguay, Per\u00fa, Trinidad y Tobago, Uruguay, Venezuela, Bahamas, Canad\u00e1, Rep\u00fablica Dominicana, Antillas Holandesas y Puerto Rico, confirmaron su presencia.<\/p>\n<p>Con informaci\u00f3n de la Ciclismo FACPyR.<\/p>\n","protected":false},"excerpt":{"rendered":"<p>La Selecci\u00f3n Argentina ya defini\u00f3 el equipo que ser\u00e1 parte del Campeonato Panamericano de pista que por primera vez en<\/p>\n","protected":false},"author":2,"featured_media":46761,"comment_status":"closed","ping_status":"closed","sticky":false,"template":"","format":"standard","meta":{"footnotes":""},"categories":[4,24],"tags":[],"class_list":["post-46760","post","type-post","status-publish","format-standard","has-post-thumbnail","hentry","category-ciclismo","category-noticias-destacadas"],"cc_featured_image_caption":{"caption_text":"Natalia Vera tratar\u00e1 de seguir sumando puntos UCI en Estados Unidos.","source_text":"","source_url":""},"_links":{"self":[{"href":"https:\/\/todoapulmon-rafaela.com\/index.php\/wp-json\/wp\/v2\/posts\/46760"}],"collection":[{"href":"https:\/\/todoapulmon-rafaela.com\/index.php\/wp-json\/wp\/v2\/posts"}],"about":[{"href":"https:\/\/todoapulmon-rafaela.com\/index.php\/wp-json\/wp\/v2\/types\/post"}],"author":[{"embeddable":true,"href":"https:\/\/todoapulmon-rafaela.com\/index.php\/wp-json\/wp\/v2\/users\/2"}],"replies":[{"embeddable":true,"href":"https:\/\/todoapulmon-rafaela.com\/index.php\/wp-json\/wp\/v2\/comments?post=46760"}],"version-history":[{"count":1,"href":"https:\/\/todoapulmon-rafaela.com\/index.php\/wp-json\/wp\/v2\/posts\/46760\/revisions"}],"predecessor-version":[{"id":46763,"href":"https:\/\/todoapulmon-rafaela.com\/index.php\/wp-json\/wp\/v2\/posts\/46760\/revisions\/46763"}],"wp:featuredmedia":[{"embeddable":true,"href":"https:\/\/todoapulmon-rafaela.com\/index.php\/wp-json\/wp\/v2\/media\/46761"}],"wp:attachment":[{"href":"https:\/\/todoapulmon-rafaela.com\/index.php\/wp-json\/wp\/v2\/media?parent=46760"}],"wp:term":[{"taxonomy":"category","embeddable":true,"href":"https:\/\/todoapulmon-rafaela.com\/index.php\/wp-json\/wp\/v2\/categories?post=46760"},{"taxonomy":"post_tag","embeddable":true,"href":"https:\/\/todoapulmon-rafaela.com\/index.php\/wp-json\/wp\/v2\/tags?post=46760"}],"curies":[{"name":"wp","href":"https:\/\/api.w.org\/{rel}","templated":true}]}}