{"id":46696,"date":"2024-03-12T11:06:34","date_gmt":"2024-03-12T11:06:34","guid":{"rendered":"https:\/\/todoapulmon-rafaela.com\/?p=46696"},"modified":"2024-03-12T11:08:15","modified_gmt":"2024-03-12T11:08:15","slug":"satisfaccion-por-un-exitoso-campeonato-argentino","status":"publish","type":"post","link":"https:\/\/todoapulmon-rafaela.com\/index.php\/2024\/03\/12\/satisfaccion-por-un-exitoso-campeonato-argentino\/","title":{"rendered":"Satisfacci\u00f3n por un exitoso Campeonato Argentino"},"content":{"rendered":"<p>Durante el fin de semana, en el Aut\u00f3dromo \u00abCiudad de Rafaela\u00bb, se desarroll\u00f3 el Campeonato Argentino de Ruta para Menores y Juveniles, un evento de car\u00e1cter nacional que fue acompa\u00f1ado por el Club Ciclista de Rafaela, el Club Atl\u00e9tico y la Municipalidad de Rafaela a trav\u00e9s de la Subsecretar\u00eda de Deporte y Recreaci\u00f3n.<\/p>\n<div id=\"m_26591152130100812084620ecdf-7bf8-4efa-b8cf-29d5bcf4d840\">Es la primera vez que este evento, en la modalidad de Ruta, se realiza en la ciudad y cont\u00f3 en esta oportunidad con 275 competidores de 12 a 18 a\u00f1os de 36 asociaciones de las 44 que conforman la Federaci\u00f3n Argentina del Ciclismo en Pista y Ruta.<\/div>\n<div id=\"m_26591152130100812084620ecdf-7bf8-4efa-b8cf-29d5bcf4d840\"><\/div>\n<div id=\"m_26591152130100812084620ecdf-7bf8-4efa-b8cf-29d5bcf4d840\">Al respecto, el subsecretario de Deportes y Recreaci\u00f3n, Hugo Morel se mostr\u00f3 satisfecho por lo realizado a lo largo de los dos d\u00edas de competencia. \u00abEstamos contentos despu\u00e9s de un trabajo que venimos haciendo en conjunto con el Club Ciclista y con la gente del Club Atl\u00e9tico, que generosamente nos cedi\u00f3 las instalaciones para que se pueda realizar este evento\u00bb, remarc\u00f3.<\/div>\n<div id=\"m_26591152130100812084620ecdf-7bf8-4efa-b8cf-29d5bcf4d840\"><\/div>\n<div id=\"m_26591152130100812084620ecdf-7bf8-4efa-b8cf-29d5bcf4d840\">Seguidamente, Morel valor\u00f3 el inter\u00e9s de los rafaelinos por acercarse a participar del evento trat\u00e1ndose de una forma m\u00e1s de apostar al deporte, \u00abtrayendo este tipo de eventos a la ciudad que generan un movimiento importante\u00bb.<\/div>\n<div id=\"m_26591152130100812084620ecdf-7bf8-4efa-b8cf-29d5bcf4d840\"><\/div>\n<div id=\"m_26591152130100812084620ecdf-7bf8-4efa-b8cf-29d5bcf4d840\">\u00abHoy el ciclismo es uno de los emblemas del deporte de nuestra ciudad y es algo que queda plasmado en este tipo de eventos\u00bb, cerr\u00f3 el funcionario.<\/div>\n<div><\/div>\n<div>UN EVENTO PARA BUSCAR TALENTOS<\/div>\n<div>\n<div id=\"m_26591152130100812084620ecdf-7bf8-4efa-b8cf-29d5bcf4d840\"><\/div>\n<div id=\"m_26591152130100812084620ecdf-7bf8-4efa-b8cf-29d5bcf4d840\">Al tratarse de un evento juvenil de car\u00e1cter nacional, esta doble jornada de actividad permiti\u00f3 a muchos ni\u00f1os y j\u00f3venes mostrar su talento arriba de una bicicleta ante la mirada de los especialistas.<\/div>\n<div id=\"m_26591152130100812084620ecdf-7bf8-4efa-b8cf-29d5bcf4d840\"><\/div>\n<div id=\"m_26591152130100812084620ecdf-7bf8-4efa-b8cf-29d5bcf4d840\">\u00abUno siempre empieza a ver nuevos valores, nuevas figuras que va a dar en los pr\u00f3ximos a\u00f1os el ciclismo argentino\u00bb, destac\u00f3 Daniel Capella, dirigente del Club Ciclista y tambi\u00e9n entrenador de la Selecci\u00f3n Argentina de Ciclismo.<\/div>\n<div id=\"m_26591152130100812084620ecdf-7bf8-4efa-b8cf-29d5bcf4d840\"><\/div>\n<div id=\"m_26591152130100812084620ecdf-7bf8-4efa-b8cf-29d5bcf4d840\">\u00abTenemos palabras de agradecimiento para todos los presentes, porque es la primera vez que hacemos un Campeonato Nacional en estas \u00e9pocas. Hace mucho se realizaban campeonato pero no pod\u00edamos asistir. Estamos muy agradecidos con Diego Kurganoff (Presidente de Atl\u00e9tico de Rafaela), con Gustavo Belinde y con todo el grupo de Atl\u00e9tico que nos cedieron las instalaciones\u00bb, agreg\u00f3 Capella.<\/div>\n<div id=\"m_26591152130100812084620ecdf-7bf8-4efa-b8cf-29d5bcf4d840\"><\/div>\n<div id=\"m_26591152130100812084620ecdf-7bf8-4efa-b8cf-29d5bcf4d840\">Adem\u00e1s, el entrenador le dio valor a la pista del Aut\u00f3dromo, en el cual \u00abla gente que ha venido de todo el pa\u00eds est\u00e1 fascinada y muy contentos\u00bb, se\u00f1al\u00f3 al tiempo que agreg\u00f3: \u00abNo hay aut\u00f3dromos de cinco kil\u00f3metros con un \u00f3valo perfecto como este, donde una carrera de bicicleta no tiene ning\u00fan obst\u00e1culo de curva, de desnivel. Es un lugar ideal\u00bb.<\/div>\n<div id=\"m_26591152130100812084620ecdf-7bf8-4efa-b8cf-29d5bcf4d840\"><\/div>\n<div id=\"m_26591152130100812084620ecdf-7bf8-4efa-b8cf-29d5bcf4d840\"><strong>CONSOLIDARSE COMO CIUDAD DE EVENTOS<\/strong><\/div>\n<div id=\"m_26591152130100812084620ecdf-7bf8-4efa-b8cf-29d5bcf4d840\">El intendente Leonardo Viotti particip\u00f3 de la actividad y destac\u00f3 la presencia de los m\u00e1s de 270 ciclistas que dijeron presente en la ciudad. \u00abSe trat\u00f3 de un lindo momento, con corredores rafaelinos en donde tuvimos la suerte de presenciar en el podio a algunos de ellos que les fue muy bien\u00bb, manifest\u00f3.<\/div>\n<div><img loading=\"lazy\" decoding=\"async\" class=\"alignnone size-full wp-image-46698\" src=\"https:\/\/todoapulmon-rafaela.com\/wp-content\/uploads\/2024\/03\/Ciclismo-3.jpg\" alt=\"\" width=\"1200\" height=\"867\" srcset=\"https:\/\/todoapulmon-rafaela.com\/wp-content\/uploads\/2024\/03\/Ciclismo-3.jpg 1200w, https:\/\/todoapulmon-rafaela.com\/wp-content\/uploads\/2024\/03\/Ciclismo-3-300x217.jpg 300w\" sizes=\"(max-width: 1200px) 100vw, 1200px\" \/><\/div>\n<div id=\"m_26591152130100812084620ecdf-7bf8-4efa-b8cf-29d5bcf4d840\"><\/div>\n<div id=\"m_26591152130100812084620ecdf-7bf8-4efa-b8cf-29d5bcf4d840\">Viotti volvi\u00f3 a evidenciar la importancia que tiene para el municipio y sus diferentes actores establecer a Rafaela como una ciudad de eventos. \u00abRafaela vuelve a recibir en eventos importantes a personas de todo el pa\u00eds. Nos seguimos consolidando como una ciudad para eventos, para recepcionar gente, pero lo hacemos de la mano del deporte, que es otra de nuestras caracter\u00edsticas como ciudad\u00bb, a\u00f1adi\u00f3.<\/div>\n<div id=\"m_26591152130100812084620ecdf-7bf8-4efa-b8cf-29d5bcf4d840\"><\/div>\n<div id=\"m_26591152130100812084620ecdf-7bf8-4efa-b8cf-29d5bcf4d840\"><strong>FUERTE APOYO AL CICLISMO<\/strong><\/div>\n<div id=\"m_26591152130100812084620ecdf-7bf8-4efa-b8cf-29d5bcf4d840\">Finalmente, el Presidente de la Federaci\u00f3n Argentina de Ciclismo en Pista y Ruta, Marcelo Eduardo Lanzi se refiri\u00f3 a la competencia para las categor\u00edas menores que se desarroll\u00f3 en la ciudad, destacando no s\u00f3lo la cantidad de participantes sino tambi\u00e9n el espacio donde se desarroll\u00f3 el evento.<\/div>\n<div id=\"m_26591152130100812084620ecdf-7bf8-4efa-b8cf-29d5bcf4d840\"><\/div>\n<div id=\"m_26591152130100812084620ecdf-7bf8-4efa-b8cf-29d5bcf4d840\">\u00abLa Federaci\u00f3n tiene grandes eventos y objetivos como son los campeonatos nacionales. Tenemos campeonatos de ruta y de pista en sus diferentes categor\u00edas: Elite, M\u00e1ster, Junior y Juveniles\u00bb, explic\u00f3 Lanzi.<\/div>\n<div id=\"m_26591152130100812084620ecdf-7bf8-4efa-b8cf-29d5bcf4d840\"><\/div>\n<div id=\"m_26591152130100812084620ecdf-7bf8-4efa-b8cf-29d5bcf4d840\">Estas competencias nacionales se han desarrollado en diferentes aut\u00f3dromos muy reconocidos a nivel nacional como el de Villicum en San Juan, el de Roque P\u00e9rez y tambi\u00e9n el de Posadas en Misiones. En esta oportunidad, el referente de la Federaci\u00f3n destac\u00f3 las caracter\u00edsticas del \u00f3valo rafaelino que \u00abgracias a la gesti\u00f3n de la Asociaci\u00f3n y del Club Ciclista pudimos acceder a este aut\u00f3dromo que es fant\u00e1stico. La verdad que la distancia que tiene y dem\u00e1s es ideal para poder hacer este tipo de campeonatos. Y sobre todo en categor\u00edas juveniles d\u00e1ndole a los chicos una seguridad \u00fanica\u00bb.<\/div>\n<div id=\"m_26591152130100812084620ecdf-7bf8-4efa-b8cf-29d5bcf4d840\"><\/div>\n<div id=\"m_26591152130100812084620ecdf-7bf8-4efa-b8cf-29d5bcf4d840\">Para cerrar, Lanzi agradeci\u00f3 a la Municipalidad de Rafaela y valor\u00f3 \u00abel fuerte apoyo que se le est\u00e1 dando al ciclismo\u00bb.<\/div>\n<\/div>\n","protected":false},"excerpt":{"rendered":"<p>Durante el fin de semana, en el Aut\u00f3dromo \u00abCiudad de Rafaela\u00bb, se desarroll\u00f3 el Campeonato Argentino de Ruta para Menores<\/p>\n","protected":false},"author":2,"featured_media":46697,"comment_status":"closed","ping_status":"closed","sticky":false,"template":"","format":"standard","meta":{"footnotes":""},"categories":[4,24],"tags":[],"class_list":["post-46696","post","type-post","status-publish","format-standard","has-post-thumbnail","hentry","category-ciclismo","category-noticias-destacadas"],"cc_featured_image_caption":{"caption_text":"Hugo Morel y Leonardo Viotti con Josefina Echaniz, campeona argentina de la prueba en l\u00ednea 2010\/11\/12 (Foto prensa Municipalidad).","source_text":"","source_url":""},"_links":{"self":[{"href":"https:\/\/todoapulmon-rafaela.com\/index.php\/wp-json\/wp\/v2\/posts\/46696"}],"collection":[{"href":"https:\/\/todoapulmon-rafaela.com\/index.php\/wp-json\/wp\/v2\/posts"}],"about":[{"href":"https:\/\/todoapulmon-rafaela.com\/index.php\/wp-json\/wp\/v2\/types\/post"}],"author":[{"embeddable":true,"href":"https:\/\/todoapulmon-rafaela.com\/index.php\/wp-json\/wp\/v2\/users\/2"}],"replies":[{"embeddable":true,"href":"https:\/\/todoapulmon-rafaela.com\/index.php\/wp-json\/wp\/v2\/comments?post=46696"}],"version-history":[{"count":1,"href":"https:\/\/todoapulmon-rafaela.com\/index.php\/wp-json\/wp\/v2\/posts\/46696\/revisions"}],"predecessor-version":[{"id":46699,"href":"https:\/\/todoapulmon-rafaela.com\/index.php\/wp-json\/wp\/v2\/posts\/46696\/revisions\/46699"}],"wp:featuredmedia":[{"embeddable":true,"href":"https:\/\/todoapulmon-rafaela.com\/index.php\/wp-json\/wp\/v2\/media\/46697"}],"wp:attachment":[{"href":"https:\/\/todoapulmon-rafaela.com\/index.php\/wp-json\/wp\/v2\/media?parent=46696"}],"wp:term":[{"taxonomy":"category","embeddable":true,"href":"https:\/\/todoapulmon-rafaela.com\/index.php\/wp-json\/wp\/v2\/categories?post=46696"},{"taxonomy":"post_tag","embeddable":true,"href":"https:\/\/todoapulmon-rafaela.com\/index.php\/wp-json\/wp\/v2\/tags?post=46696"}],"curies":[{"name":"wp","href":"https:\/\/api.w.org\/{rel}","templated":true}]}}