{"id":4669,"date":"2017-02-19T02:54:29","date_gmt":"2017-02-19T02:54:29","guid":{"rendered":"http:\/\/todoapulmon-rafaela.com\/?p=4669"},"modified":"2017-02-19T02:54:29","modified_gmt":"2017-02-19T02:54:29","slug":"crar-se-puso-en-marcha-con-un-nuevo-ciclo","status":"publish","type":"post","link":"https:\/\/todoapulmon-rafaela.com\/index.php\/2017\/02\/19\/crar-se-puso-en-marcha-con-un-nuevo-ciclo\/","title":{"rendered":"CRAR se puso en marcha con un nuevo ciclo"},"content":{"rendered":"<p>Como el a\u00f1o anterior, el primer d\u00eda de actividad para el plantel superior del CRAR fue en el Aero Club de Rafaela. Debido a las malas condiciones clim\u00e1ticas, la dirigencia y el nuevo cuerpo t\u00e9cnico encabezado por Leo Crosetti y Cristian Martino (estuvo ausente por haber viajado) tuvieron el primer contacto con los jugadores en esas instalaciones.<\/p>\n<p>En esta cita inicial la respuesta fue ampliamente satisfactoria. Alrededor de 70 jugadores escucharon los principales lineamientos establecidos, inicialmente por el presidente Alejandro Brasca, y luego por Crosetti, en cuanto a los objetivos de esta temporada. L\u00f3gicamente, todo gira alrededor de la b\u00fasqueda del ascenso para retornar a la elite del Torneo Regional del Litoral.<\/p>\n<p>El nuevo staff estuvo presente pr\u00e1cticamente en su totalidad y genera una importante confianza para la toma de decisiones. \u00abTodo ser\u00e1 consensuado\u00bb, expres\u00f3 Crosetti en tal sentido.\u00a0Junto a Leo y Cristian Martino, colaborar\u00e1n Javier Rouco Oliva, Gonzalo Garc\u00eda y Hugo P\u00e1ez en el trabajo de forwards; Enrique L\u00f3pez Durando y Ernesto Algaba con los tres cuartos; Eduardo Gentile en la preparaci\u00f3n f\u00edsica; Mat\u00edas Marengo y su equipo en kinesiolog\u00eda y gimnasio; Pablo Palacio analista de sistemas; Ignacio Pautasso en videos; Natalia Cipolatti como manager; Agust\u00edn Andereggen en la Coordinaci\u00f3n; Mario Rossini y Hugo Seen en planillaje; y Nicol\u00e1s C\u00e1ceres.<br \/>\n\u00abEstamos un poco ansiosos, desde que ayer que empezamos a armar el entrenamiento. Eso es muy bueno, es un nuevo desaf\u00edo, el formato del torneo no est\u00e1 definido todav\u00eda, pero estamos muy entusiasmados hasta con ganas de entrar a la cancha. La primera respuesta ha sido muy satisfactoria, esta primera semana de trabajo ser\u00e1 especificamente en la parte f\u00edsica con Gare Gentile. Luego iremos mechando cuestiones f\u00edsicas y un poco mas t\u00e9cnicas\u00bb, puntualiz\u00f3 Crosetti.<br \/>\nSobre el itinerario de competencias, mencion\u00f3 que el primer torneo (Apertura de la USR) arranca en tres semanas, el 11 de marzo. Tenemos poco tiempo en ese sentido, pero no queremos desgastarnos en esa etapas. El TRL empieza el 26 de abril, as\u00ed que ah\u00ed tendremos que estar un poco m\u00e1s finos, pero lo importante ser\u00e1 en agosto donde se define el ascenso\u00bb.<\/p>\n<p>Audio de Leo Crosetti:<\/p>\n<!--[if lt IE 9]><script>document.createElement('audio');<\/script><![endif]-->\n<audio class=\"wp-audio-shortcode\" id=\"audio-4669-1\" preload=\"none\" style=\"width: 100%;\" controls=\"controls\"><source type=\"audio\/mpeg\" src=\"http:\/\/todoapulmon-rafaela.com\/wp-content\/uploads\/2017\/02\/Nota_de_voz_066_sd1.m4a?_=1\" \/><a href=\"http:\/\/todoapulmon-rafaela.com\/wp-content\/uploads\/2017\/02\/Nota_de_voz_066_sd1.m4a\">http:\/\/todoapulmon-rafaela.com\/wp-content\/uploads\/2017\/02\/Nota_de_voz_066_sd1.m4a<\/a><\/audio>\n<figure id=\"attachment_4671\" aria-describedby=\"caption-attachment-4671\" style=\"width: 300px\" class=\"wp-caption alignnone\"><img loading=\"lazy\" decoding=\"async\" class=\"size-medium wp-image-4671\" src=\"http:\/\/todoapulmon-rafaela.com\/wp-content\/uploads\/2017\/02\/plantel-300x225.jpg\" alt=\"Parte del plantel en la presentaci\u00f3n.\" width=\"300\" height=\"225\" srcset=\"https:\/\/todoapulmon-rafaela.com\/wp-content\/uploads\/2017\/02\/plantel-300x225.jpg 300w, https:\/\/todoapulmon-rafaela.com\/wp-content\/uploads\/2017\/02\/plantel-768x576.jpg 768w, https:\/\/todoapulmon-rafaela.com\/wp-content\/uploads\/2017\/02\/plantel-1024x768.jpg 1024w, https:\/\/todoapulmon-rafaela.com\/wp-content\/uploads\/2017\/02\/plantel.jpg 1280w\" sizes=\"(max-width: 300px) 100vw, 300px\" \/><figcaption id=\"caption-attachment-4671\" class=\"wp-caption-text\">Parte del plantel en la presentaci\u00f3n.<\/figcaption><\/figure>\n<p>&nbsp;<\/p>\n","protected":false},"excerpt":{"rendered":"<p>Como el a\u00f1o anterior, el primer d\u00eda de actividad para el plantel superior del CRAR fue en el Aero Club<\/p>\n","protected":false},"author":2,"featured_media":4670,"comment_status":"open","ping_status":"open","sticky":false,"template":"","format":"standard","meta":{"footnotes":""},"categories":[24,2],"tags":[],"class_list":["post-4669","post","type-post","status-publish","format-standard","has-post-thumbnail","hentry","category-noticias-destacadas","category-rugby"],"cc_featured_image_caption":{"caption_text":"El staff t\u00e9cnico del Verde, casi en su totalidad, para esta temporada.","source_text":"","source_url":""},"_links":{"self":[{"href":"https:\/\/todoapulmon-rafaela.com\/index.php\/wp-json\/wp\/v2\/posts\/4669"}],"collection":[{"href":"https:\/\/todoapulmon-rafaela.com\/index.php\/wp-json\/wp\/v2\/posts"}],"about":[{"href":"https:\/\/todoapulmon-rafaela.com\/index.php\/wp-json\/wp\/v2\/types\/post"}],"author":[{"embeddable":true,"href":"https:\/\/todoapulmon-rafaela.com\/index.php\/wp-json\/wp\/v2\/users\/2"}],"replies":[{"embeddable":true,"href":"https:\/\/todoapulmon-rafaela.com\/index.php\/wp-json\/wp\/v2\/comments?post=4669"}],"version-history":[{"count":1,"href":"https:\/\/todoapulmon-rafaela.com\/index.php\/wp-json\/wp\/v2\/posts\/4669\/revisions"}],"predecessor-version":[{"id":4673,"href":"https:\/\/todoapulmon-rafaela.com\/index.php\/wp-json\/wp\/v2\/posts\/4669\/revisions\/4673"}],"wp:featuredmedia":[{"embeddable":true,"href":"https:\/\/todoapulmon-rafaela.com\/index.php\/wp-json\/wp\/v2\/media\/4670"}],"wp:attachment":[{"href":"https:\/\/todoapulmon-rafaela.com\/index.php\/wp-json\/wp\/v2\/media?parent=4669"}],"wp:term":[{"taxonomy":"category","embeddable":true,"href":"https:\/\/todoapulmon-rafaela.com\/index.php\/wp-json\/wp\/v2\/categories?post=4669"},{"taxonomy":"post_tag","embeddable":true,"href":"https:\/\/todoapulmon-rafaela.com\/index.php\/wp-json\/wp\/v2\/tags?post=4669"}],"curies":[{"name":"wp","href":"https:\/\/api.w.org\/{rel}","templated":true}]}}