{"id":46684,"date":"2024-03-11T19:23:16","date_gmt":"2024-03-11T19:23:16","guid":{"rendered":"https:\/\/todoapulmon-rafaela.com\/?p=46684"},"modified":"2024-03-11T19:23:16","modified_gmt":"2024-03-11T19:23:16","slug":"los-pumas-con-vivas-y-rubiolo-comenzaron-el-camp-en-londres","status":"publish","type":"post","link":"https:\/\/todoapulmon-rafaela.com\/index.php\/2024\/03\/11\/los-pumas-con-vivas-y-rubiolo-comenzaron-el-camp-en-londres\/","title":{"rendered":"Los Pumas, con Vivas y Rubiolo, comenzaron el Camp en Londres"},"content":{"rendered":"<p>El seleccionado argentino de rugby dio inicio al <strong>Camp\u00a0<\/strong>de tres d\u00edas, entre el 11 y 13 de marzo, que se lleva a cabo en <strong>Londres<\/strong>. Con un plantel de 31 jugadores, los dirigidos por<strong>\u00a0Felipe Contepomi<\/strong> comenzaron con un nuevo ciclo mundialista, teniendo en su delegaci\u00f3n a los rafaelinos <strong>Mayco Vivas y Pedro Rubiolo (<\/strong>recuper\u00e1ndose de una lesi\u00f3n).<\/p>\n<p>Esta modalidad de trabajo es id\u00e9ntica a la que se llev\u00f3 a cabo en\u00a0<strong>Par\u00eds\u00a0<\/strong>a mediados de marzo de 2023, en el inicio de la preparaci\u00f3n para el Mundial de Francia. Todos los citados se desempe\u00f1an en clubes de Europa, excepto el segunda l\u00ednea cordob\u00e9s\u00a0<strong>Franco Molina.<\/strong><\/p>\n<p>En la jornada del lunes, el plantel del seleccionado argentino se reencontr\u00f3 luego de la Copa del Mundo y comenzaron con la planificaci\u00f3n de estos tres d\u00edas, adem\u00e1s de realizar trabajos en el gimnasio.<\/p>\n<p>El calendario internacional 2024 tendr\u00e1 una docena de compromisos para Los Pumas. Despu\u00e9s de la participaci\u00f3n en Francia 2023, el conjunto albiceleste reaparecer\u00e1 en el pa\u00eds el 6 de julio en el primer test con Francia, cap\u00edtulo inicial de la ventana de julio, que se completar\u00e1 con un segundo duelo con Les Bleus y el partido con un rival del Tier 2 (a\u00fan por confirmar). Despu\u00e9s ser\u00e1 el momento de afrontar el Rugby Championship, entre el 10 de agosto y el 28 de septiembre, nuevamente con seis partidos.<\/p>\n<p>EL PLANTEL<\/p>\n<p>ALBORNOZ, Tom\u00e1s<\/p>\n<p>ALEMANNO, Mat\u00edas<\/p>\n<p>BAZ\u00c1N V\u00c9LEZ, Lautaro<\/p>\n<p>BELLO, Eduardo<\/p>\n<p>BERTRANOU, Gonzalo<\/p>\n<p>BOFFELLI, Emiliano<\/p>\n<p>BRUNI, Rodrigo<\/p>\n<p>CARRERAS, Mateo<\/p>\n<p>CARRERAS, Santiago<\/p>\n<p>CHOCOBARES, Santiago<\/p>\n<p>CINTI, Lucio<\/p>\n<p>CORDERO, Santiago<\/p>\n<p>DE LA FUENTE, Jer\u00f3nimo<\/p>\n<p>DELGUY, Bautista<\/p>\n<p>GALLO, Thomas<\/p>\n<p>GONZ\u00c1LEZ, Juan Mart\u00edn<\/p>\n<p>GRONDONA, Santiago<\/p>\n<p>KREMER, Marcos<\/p>\n<p>LAVANINI, Tom\u00e1s<\/p>\n<p>MALL\u00cdA, Juan Cruz<\/p>\n<p>MOLINA, Franco<\/p>\n<p>MONTOYA, Juli\u00e1n<\/p>\n<p>MORONI, Mat\u00edas<\/p>\n<p>OVIEDO, Joaqu\u00edn<\/p>\n<p>PETTI, Guido<\/p>\n<p>RUBIOLO, Pedro<\/p>\n<p>RUIZ, Ignacio<\/p>\n<p>SCLAVI, Joel<\/p>\n<p>SORDONI, Lucio<\/p>\n<p>TETAZ CHAPARRO, Nahuel<\/p>\n<p>VIVAS, Mayco.<\/p>\n<p>&nbsp;<\/p>\n<p>&nbsp;<\/p>\n","protected":false},"excerpt":{"rendered":"<p>El seleccionado argentino de rugby dio inicio al Camp\u00a0de tres d\u00edas, entre el 11 y 13 de marzo, que se<\/p>\n","protected":false},"author":2,"featured_media":46686,"comment_status":"closed","ping_status":"closed","sticky":false,"template":"","format":"standard","meta":{"footnotes":""},"categories":[24,2],"tags":[],"class_list":["post-46684","post","type-post","status-publish","format-standard","has-post-thumbnail","hentry","category-noticias-destacadas","category-rugby"],"cc_featured_image_caption":{"caption_text":"FOTO UAR","source_text":"","source_url":""},"_links":{"self":[{"href":"https:\/\/todoapulmon-rafaela.com\/index.php\/wp-json\/wp\/v2\/posts\/46684"}],"collection":[{"href":"https:\/\/todoapulmon-rafaela.com\/index.php\/wp-json\/wp\/v2\/posts"}],"about":[{"href":"https:\/\/todoapulmon-rafaela.com\/index.php\/wp-json\/wp\/v2\/types\/post"}],"author":[{"embeddable":true,"href":"https:\/\/todoapulmon-rafaela.com\/index.php\/wp-json\/wp\/v2\/users\/2"}],"replies":[{"embeddable":true,"href":"https:\/\/todoapulmon-rafaela.com\/index.php\/wp-json\/wp\/v2\/comments?post=46684"}],"version-history":[{"count":1,"href":"https:\/\/todoapulmon-rafaela.com\/index.php\/wp-json\/wp\/v2\/posts\/46684\/revisions"}],"predecessor-version":[{"id":46685,"href":"https:\/\/todoapulmon-rafaela.com\/index.php\/wp-json\/wp\/v2\/posts\/46684\/revisions\/46685"}],"wp:featuredmedia":[{"embeddable":true,"href":"https:\/\/todoapulmon-rafaela.com\/index.php\/wp-json\/wp\/v2\/media\/46686"}],"wp:attachment":[{"href":"https:\/\/todoapulmon-rafaela.com\/index.php\/wp-json\/wp\/v2\/media?parent=46684"}],"wp:term":[{"taxonomy":"category","embeddable":true,"href":"https:\/\/todoapulmon-rafaela.com\/index.php\/wp-json\/wp\/v2\/categories?post=46684"},{"taxonomy":"post_tag","embeddable":true,"href":"https:\/\/todoapulmon-rafaela.com\/index.php\/wp-json\/wp\/v2\/tags?post=46684"}],"curies":[{"name":"wp","href":"https:\/\/api.w.org\/{rel}","templated":true}]}}