{"id":46668,"date":"2024-03-11T12:32:21","date_gmt":"2024-03-11T12:32:21","guid":{"rendered":"https:\/\/todoapulmon-rafaela.com\/?p=46668"},"modified":"2024-03-11T20:21:17","modified_gmt":"2024-03-11T20:21:17","slug":"accos-fue-tercera-en-el-medallero-del-argentino","status":"publish","type":"post","link":"https:\/\/todoapulmon-rafaela.com\/index.php\/2024\/03\/11\/accos-fue-tercera-en-el-medallero-del-argentino\/","title":{"rendered":"ACCOS fue tercera en el Medallero del Argentino"},"content":{"rendered":"<p>Culmin\u00f3 este domingo el Campeonato Argentino para Menores y Juveniles de Ruta, organizado por el Club Ciclista de Rafaela y fiscalizado por la Federaci\u00f3n Argentina, en el aut\u00f3dromo \u00abCiudad de Rafaela\u00bb del Club Atl\u00e9tico.<\/p>\n<p>La ACCOS, Asociaci\u00f3n anfitriona, tuvo una muy buena performance culminando tercera en el medallero, con una medalla de oro a trav\u00e9s de Josefina Echaniz (prueba en l\u00ednea 2010\/11\/12) y dos de plata, Luciano Capella (prueba en l\u00ednea 2011\/12) y Julia Lambert (prueba en l\u00ednea 2008\/09).<\/p>\n<p>San Juan fue el ganador con 2 oros y 3 bronces, mientras que Sur Correntino fue segundo con 2 oros. No obstante, hay que hacer la salvedad que San Juan vino a Rafaela con una numerosa delegaci\u00f3n de 44 corredores.<\/p>\n<p><img loading=\"lazy\" decoding=\"async\" class=\"alignnone size-full wp-image-46670\" src=\"https:\/\/todoapulmon-rafaela.com\/wp-content\/uploads\/2024\/03\/Podio-Varones-2011-12-6578-1-scaled.jpg\" alt=\"\" width=\"2560\" height=\"1706\" srcset=\"https:\/\/todoapulmon-rafaela.com\/wp-content\/uploads\/2024\/03\/Podio-Varones-2011-12-6578-1-scaled.jpg 2560w, https:\/\/todoapulmon-rafaela.com\/wp-content\/uploads\/2024\/03\/Podio-Varones-2011-12-6578-1-300x200.jpg 300w, https:\/\/todoapulmon-rafaela.com\/wp-content\/uploads\/2024\/03\/Podio-Varones-2011-12-6578-1-1536x1024.jpg 1536w, https:\/\/todoapulmon-rafaela.com\/wp-content\/uploads\/2024\/03\/Podio-Varones-2011-12-6578-1-2048x1365.jpg 2048w\" sizes=\"(max-width: 2560px) 100vw, 2560px\" \/><\/p>\n<p>En tanto, ACCOS tuvo un equipo mucho m\u00e1s reducido con once integrantes, siendo estas sus performances durante el campeonato:<\/p>\n<p>Luciano Ambort: 11) en la prueba en l\u00ednea junior. Lautaro Salti DNF en la misma prueba.<\/p>\n<p>Martin Deltin: 6) prueba en l\u00ednea varones 2008.<\/p>\n<p>Victoria Sphan: DNF damas junior.<\/p>\n<p>Naira Castillo Molina: 9) prueba en linea y 9) en crono 2008\/09.<\/p>\n<p>Mar\u00eda Emilia Vaira: 17) en prueba en l\u00ednea 2008\/09.<\/p>\n<p>Federico Dalmasso: 20) prueba en l\u00ednea 2009.<\/p>\n<p>Jos\u00e9 Schmidt: 15) prueba en l\u00ednea 2010.<\/p>\n<p><img loading=\"lazy\" decoding=\"async\" class=\"alignnone size-full wp-image-46671\" src=\"https:\/\/todoapulmon-rafaela.com\/wp-content\/uploads\/2024\/03\/Podio-Damas-2008-6774-scaled.jpg\" alt=\"\" width=\"2560\" height=\"1707\" srcset=\"https:\/\/todoapulmon-rafaela.com\/wp-content\/uploads\/2024\/03\/Podio-Damas-2008-6774-scaled.jpg 2560w, https:\/\/todoapulmon-rafaela.com\/wp-content\/uploads\/2024\/03\/Podio-Damas-2008-6774-300x200.jpg 300w, https:\/\/todoapulmon-rafaela.com\/wp-content\/uploads\/2024\/03\/Podio-Damas-2008-6774-1536x1024.jpg 1536w, https:\/\/todoapulmon-rafaela.com\/wp-content\/uploads\/2024\/03\/Podio-Damas-2008-6774-2048x1365.jpg 2048w\" sizes=\"(max-width: 2560px) 100vw, 2560px\" \/><\/p>\n<p>LOS RESULTADOS DE LA ULTIMA JORNADA<\/p>\n<p>El riojano Ignacio Ortega se qued\u00f3 con la medalla de oro entre los varones juniors que recorrieron 100 kil\u00f3metros (21 vueltas). Detr\u00e1s de \u00e9l, Sebasti\u00e1n Coronel (Catamarca) y Luis Tolosa (Metropolitana) subieron al podio.<\/p>\n<p>Entre las damas junior, sobre un total de 14 vueltas y 65 kil\u00f3metros, la campeona fue la catamarque\u00f1a Guadalupe D\u00edaz, quien se fue en fuga con Bianca Tempestini (San Luis) y marc\u00f3 la diferencia en el sprint final. El podio lo complet\u00f3 Delfina Dibella, la sanjuanina y campeona de contrarreloj.<\/p>\n<p>La primera prueba del d\u00eda fue la de Damas 2008\/09 y all\u00ed la sanjuanina P\u00eda Nerea Manzano logr\u00f3 el t\u00edtulo en un apretado sprint en donde super\u00f3 a Julia Lambert (ACCOS) y Abril Azimonti (Olavarr\u00eda Centro, tras 8 giros en el aut\u00f3dromo.<br \/>\nEl otro t\u00edtulo de la jornada se lo llev\u00f3 Nicol\u00e1s Almada (Sur Correntino), quien complet\u00f3 un fin de semana perfecto, ya que hab\u00eda conseguido la victoria en la crono individual.<br \/>\nFueron 14 vueltas para los chicos. La medalla de plata fue para Federico Vel\u00e1zquez y el bronce qued\u00f3 en manos de Emiliano Morales.<\/p>\n","protected":false},"excerpt":{"rendered":"<p>Culmin\u00f3 este domingo el Campeonato Argentino para Menores y Juveniles de Ruta, organizado por el Club Ciclista de Rafaela y<\/p>\n","protected":false},"author":2,"featured_media":46669,"comment_status":"closed","ping_status":"closed","sticky":false,"template":"","format":"standard","meta":{"footnotes":""},"categories":[4,24],"tags":[],"class_list":["post-46668","post","type-post","status-publish","format-standard","has-post-thumbnail","hentry","category-ciclismo","category-noticias-destacadas"],"cc_featured_image_caption":{"caption_text":"Josefina Echaniz gan\u00f3 en la pelot\u00f3n de su categor\u00eda (foto Ciclismo FACPyR).","source_text":"","source_url":""},"_links":{"self":[{"href":"https:\/\/todoapulmon-rafaela.com\/index.php\/wp-json\/wp\/v2\/posts\/46668"}],"collection":[{"href":"https:\/\/todoapulmon-rafaela.com\/index.php\/wp-json\/wp\/v2\/posts"}],"about":[{"href":"https:\/\/todoapulmon-rafaela.com\/index.php\/wp-json\/wp\/v2\/types\/post"}],"author":[{"embeddable":true,"href":"https:\/\/todoapulmon-rafaela.com\/index.php\/wp-json\/wp\/v2\/users\/2"}],"replies":[{"embeddable":true,"href":"https:\/\/todoapulmon-rafaela.com\/index.php\/wp-json\/wp\/v2\/comments?post=46668"}],"version-history":[{"count":3,"href":"https:\/\/todoapulmon-rafaela.com\/index.php\/wp-json\/wp\/v2\/posts\/46668\/revisions"}],"predecessor-version":[{"id":46687,"href":"https:\/\/todoapulmon-rafaela.com\/index.php\/wp-json\/wp\/v2\/posts\/46668\/revisions\/46687"}],"wp:featuredmedia":[{"embeddable":true,"href":"https:\/\/todoapulmon-rafaela.com\/index.php\/wp-json\/wp\/v2\/media\/46669"}],"wp:attachment":[{"href":"https:\/\/todoapulmon-rafaela.com\/index.php\/wp-json\/wp\/v2\/media?parent=46668"}],"wp:term":[{"taxonomy":"category","embeddable":true,"href":"https:\/\/todoapulmon-rafaela.com\/index.php\/wp-json\/wp\/v2\/categories?post=46668"},{"taxonomy":"post_tag","embeddable":true,"href":"https:\/\/todoapulmon-rafaela.com\/index.php\/wp-json\/wp\/v2\/tags?post=46668"}],"curies":[{"name":"wp","href":"https:\/\/api.w.org\/{rel}","templated":true}]}}