{"id":46645,"date":"2024-03-10T17:48:25","date_gmt":"2024-03-10T17:48:25","guid":{"rendered":"https:\/\/todoapulmon-rafaela.com\/?p=46645"},"modified":"2024-03-10T17:48:25","modified_gmt":"2024-03-10T17:48:25","slug":"julia-lambert-nueva-medalla-para-accos","status":"publish","type":"post","link":"https:\/\/todoapulmon-rafaela.com\/index.php\/2024\/03\/10\/julia-lambert-nueva-medalla-para-accos\/","title":{"rendered":"Julia Lambert, nueva medalla para ACCOS"},"content":{"rendered":"<p>En el inicio de la \u00faltima jornada del Campeonato Argentino para Menores y Juveniles de Ruta que se desarrolla en el aut\u00f3dromo de nuestra ciudad, lleg\u00f3 otra satisfacci\u00f3n para la representaci\u00f3n del Club Ciclista de Rafaela y ACCOS.<\/p>\n<p>Julia Lambert consigui\u00f3 la medalla de plata en la prueba en l\u00ednea para las categor\u00edas 2008\/09 en una muy buena actuaci\u00f3n, llegando a una definici\u00f3n apretada con quien finalmente fue campeona, P\u00eda Manzano Hermoso (Sanjuanina), con un tiempo de 1h 15m 26s luego de las 8 vueltas estipuladas al \u00f3valo. La medalla de bronce fue para Abril Azimonti, de Olavarr\u00eda.<\/p>\n<p>Cabe mencionar que tambi\u00e9n de ACCOS participaron Naira Castillo Molina, que fue novena, y Mar\u00eda Emilia Vaira, que culmin\u00f3 en la posici\u00f3n 17, ambas en el tiempo del pelot\u00f3n mayoritario.<\/p>\n<p><img loading=\"lazy\" decoding=\"async\" class=\"alignnone size-full wp-image-46648\" src=\"https:\/\/todoapulmon-rafaela.com\/wp-content\/uploads\/2024\/03\/IMG-20240310-WA0019.jpg\" alt=\"\" width=\"1021\" height=\"1280\" srcset=\"https:\/\/todoapulmon-rafaela.com\/wp-content\/uploads\/2024\/03\/IMG-20240310-WA0019.jpg 1021w, https:\/\/todoapulmon-rafaela.com\/wp-content\/uploads\/2024\/03\/IMG-20240310-WA0019-239x300.jpg 239w\" sizes=\"(max-width: 1021px) 100vw, 1021px\" \/><\/p>\n<p>De esta manera, el equipo de la delegaci\u00f3n anfitriona suma una medalla de oro, obtenida por Josefina Echaniz, y dos de plata, a trav\u00e9s de Luciano Capella y Julia Lambert.<\/p>\n","protected":false},"excerpt":{"rendered":"<p>En el inicio de la \u00faltima jornada del Campeonato Argentino para Menores y Juveniles de Ruta que se desarrolla en<\/p>\n","protected":false},"author":2,"featured_media":46647,"comment_status":"closed","ping_status":"closed","sticky":false,"template":"","format":"standard","meta":{"footnotes":""},"categories":[4,24],"tags":[],"class_list":["post-46645","post","type-post","status-publish","format-standard","has-post-thumbnail","hentry","category-ciclismo","category-noticias-destacadas"],"cc_featured_image_caption":{"caption_text":"La pedalista rafaelina (izquierda) en el podio.","source_text":"","source_url":""},"_links":{"self":[{"href":"https:\/\/todoapulmon-rafaela.com\/index.php\/wp-json\/wp\/v2\/posts\/46645"}],"collection":[{"href":"https:\/\/todoapulmon-rafaela.com\/index.php\/wp-json\/wp\/v2\/posts"}],"about":[{"href":"https:\/\/todoapulmon-rafaela.com\/index.php\/wp-json\/wp\/v2\/types\/post"}],"author":[{"embeddable":true,"href":"https:\/\/todoapulmon-rafaela.com\/index.php\/wp-json\/wp\/v2\/users\/2"}],"replies":[{"embeddable":true,"href":"https:\/\/todoapulmon-rafaela.com\/index.php\/wp-json\/wp\/v2\/comments?post=46645"}],"version-history":[{"count":2,"href":"https:\/\/todoapulmon-rafaela.com\/index.php\/wp-json\/wp\/v2\/posts\/46645\/revisions"}],"predecessor-version":[{"id":46649,"href":"https:\/\/todoapulmon-rafaela.com\/index.php\/wp-json\/wp\/v2\/posts\/46645\/revisions\/46649"}],"wp:featuredmedia":[{"embeddable":true,"href":"https:\/\/todoapulmon-rafaela.com\/index.php\/wp-json\/wp\/v2\/media\/46647"}],"wp:attachment":[{"href":"https:\/\/todoapulmon-rafaela.com\/index.php\/wp-json\/wp\/v2\/media?parent=46645"}],"wp:term":[{"taxonomy":"category","embeddable":true,"href":"https:\/\/todoapulmon-rafaela.com\/index.php\/wp-json\/wp\/v2\/categories?post=46645"},{"taxonomy":"post_tag","embeddable":true,"href":"https:\/\/todoapulmon-rafaela.com\/index.php\/wp-json\/wp\/v2\/tags?post=46645"}],"curies":[{"name":"wp","href":"https:\/\/api.w.org\/{rel}","templated":true}]}}