{"id":46629,"date":"2024-03-09T16:46:14","date_gmt":"2024-03-09T16:46:14","guid":{"rendered":"https:\/\/todoapulmon-rafaela.com\/?p=46629"},"modified":"2024-03-09T16:58:57","modified_gmt":"2024-03-09T16:58:57","slug":"josefina-echaniz-logro-un-brillante-oro-en-el-argentino","status":"publish","type":"post","link":"https:\/\/todoapulmon-rafaela.com\/index.php\/2024\/03\/09\/josefina-echaniz-logro-un-brillante-oro-en-el-argentino\/","title":{"rendered":"Josefina Echaniz logr\u00f3 un brillante oro en el Argentino"},"content":{"rendered":"<p>La ma\u00f1ana del s\u00e1bado comenz\u00f3 con grandes alegr\u00edas para la representaci\u00f3n rafaelina en el Campeonato Argentino de Ruta para Menores y Juveniles que se disputa en el aut\u00f3dromo de nuestra ciudad, ya que Josefina Echaniz consigui\u00f3 un notable triunfo en la prueba en l\u00ednea de las categor\u00edas 2010\/11\/12.<\/p>\n<p>Con un tiempo de 23m 30s para el recorrido de tres vueltas, \u00abJose\u00bb remat\u00f3 al sprint con gran autoridad para llegar delante de las sanluise\u00f1as Mar\u00eda Paz Peralta y Valentina Petrizani, plata y bronce, respectivamente.<\/p>\n<p><img loading=\"lazy\" decoding=\"async\" class=\"alignnone size-full wp-image-46632\" src=\"https:\/\/todoapulmon-rafaela.com\/wp-content\/uploads\/2024\/03\/P1510186_resultado.jpg\" alt=\"\" width=\"1600\" height=\"1200\" srcset=\"https:\/\/todoapulmon-rafaela.com\/wp-content\/uploads\/2024\/03\/P1510186_resultado.jpg 1600w, https:\/\/todoapulmon-rafaela.com\/wp-content\/uploads\/2024\/03\/P1510186_resultado-300x225.jpg 300w, https:\/\/todoapulmon-rafaela.com\/wp-content\/uploads\/2024\/03\/P1510186_resultado-1536x1152.jpg 1536w\" sizes=\"(max-width: 1600px) 100vw, 1600px\" \/><\/p>\n<p>La pedalista entrenada por su t\u00edo Alejandro Echaniz y por Daniel Capella, expres\u00f3 luego con mucha alegr\u00eda que \u00abfue una preparaci\u00f3n dura, de cuatro meses con el objetivo puesto en ganar y lo pudimos lograr, con el trabajo de mis entrenadores. Por un momento parec\u00eda que no pod\u00edamos agarrar a las escapadas, pero despu\u00e9s entre cuatro chicas nos pusimos de acuerdo para tirar y por suerte pudimos conseguirlo para dar todo en los \u00faltimos metros\u00bb.<\/p>\n<p>Este fue su segundo Argentino de Ruta para la representante de ACCOS, y ya logr\u00f3 la gran satisfacci\u00f3n de colgarse la medalla dorada.<\/p>\n<p><img loading=\"lazy\" decoding=\"async\" class=\"alignnone size-full wp-image-46633\" src=\"https:\/\/todoapulmon-rafaela.com\/wp-content\/uploads\/2024\/03\/P1510180_resultado.jpg\" alt=\"\" width=\"1600\" height=\"1200\" srcset=\"https:\/\/todoapulmon-rafaela.com\/wp-content\/uploads\/2024\/03\/P1510180_resultado.jpg 1600w, https:\/\/todoapulmon-rafaela.com\/wp-content\/uploads\/2024\/03\/P1510180_resultado-300x225.jpg 300w, https:\/\/todoapulmon-rafaela.com\/wp-content\/uploads\/2024\/03\/P1510180_resultado-1536x1152.jpg 1536w\" sizes=\"(max-width: 1600px) 100vw, 1600px\" \/><\/p>\n<p>&nbsp;<\/p>\n","protected":false},"excerpt":{"rendered":"<p>La ma\u00f1ana del s\u00e1bado comenz\u00f3 con grandes alegr\u00edas para la representaci\u00f3n rafaelina en el Campeonato Argentino de Ruta para Menores<\/p>\n","protected":false},"author":2,"featured_media":46631,"comment_status":"closed","ping_status":"closed","sticky":false,"template":"","format":"standard","meta":{"footnotes":""},"categories":[4,24],"tags":[],"class_list":["post-46629","post","type-post","status-publish","format-standard","has-post-thumbnail","hentry","category-ciclismo","category-noticias-destacadas"],"cc_featured_image_caption":{"caption_text":"El gran esfuerzo en los metros finales de la ciclista rafaelina.","source_text":"","source_url":""},"_links":{"self":[{"href":"https:\/\/todoapulmon-rafaela.com\/index.php\/wp-json\/wp\/v2\/posts\/46629"}],"collection":[{"href":"https:\/\/todoapulmon-rafaela.com\/index.php\/wp-json\/wp\/v2\/posts"}],"about":[{"href":"https:\/\/todoapulmon-rafaela.com\/index.php\/wp-json\/wp\/v2\/types\/post"}],"author":[{"embeddable":true,"href":"https:\/\/todoapulmon-rafaela.com\/index.php\/wp-json\/wp\/v2\/users\/2"}],"replies":[{"embeddable":true,"href":"https:\/\/todoapulmon-rafaela.com\/index.php\/wp-json\/wp\/v2\/comments?post=46629"}],"version-history":[{"count":2,"href":"https:\/\/todoapulmon-rafaela.com\/index.php\/wp-json\/wp\/v2\/posts\/46629\/revisions"}],"predecessor-version":[{"id":46635,"href":"https:\/\/todoapulmon-rafaela.com\/index.php\/wp-json\/wp\/v2\/posts\/46629\/revisions\/46635"}],"wp:featuredmedia":[{"embeddable":true,"href":"https:\/\/todoapulmon-rafaela.com\/index.php\/wp-json\/wp\/v2\/media\/46631"}],"wp:attachment":[{"href":"https:\/\/todoapulmon-rafaela.com\/index.php\/wp-json\/wp\/v2\/media?parent=46629"}],"wp:term":[{"taxonomy":"category","embeddable":true,"href":"https:\/\/todoapulmon-rafaela.com\/index.php\/wp-json\/wp\/v2\/categories?post=46629"},{"taxonomy":"post_tag","embeddable":true,"href":"https:\/\/todoapulmon-rafaela.com\/index.php\/wp-json\/wp\/v2\/tags?post=46629"}],"curies":[{"name":"wp","href":"https:\/\/api.w.org\/{rel}","templated":true}]}}