{"id":46615,"date":"2024-03-08T21:56:44","date_gmt":"2024-03-08T21:56:44","guid":{"rendered":"https:\/\/todoapulmon-rafaela.com\/?p=46615"},"modified":"2024-03-08T21:59:15","modified_gmt":"2024-03-08T21:59:15","slug":"el-argentino-juvenil-consagro-los-primeros-campeones","status":"publish","type":"post","link":"https:\/\/todoapulmon-rafaela.com\/index.php\/2024\/03\/08\/el-argentino-juvenil-consagro-los-primeros-campeones\/","title":{"rendered":"El Argentino Juvenil consagr\u00f3 los primeros campeones"},"content":{"rendered":"<p>Este viernes dio comienzo el Campeonato Argentino de Ruta para menores y juveniles en el aut\u00f3dromo \u00abCiudad de Rafaela\u00bb, organizado por el Club Ciclista y la ACCOS, que cuenta con m\u00e1s de 270 corredores de 37 Asociaciones.<br \/>\nEn la jornada inicial se desarrollaron las cronos, con ganadores repartidos. Estas fueron las clasificaciones:<br \/>\n<strong>Contrarreloj Damas 2008:<\/strong>\u00a01) Agustina Vega (Oeste Riojano) en 7m 04s 264\/1000; 2) Mar\u00eda P\u00eda Claveles Mazzoca (Sanluisine\u00f1a) y 3) Zoe Quiroga (Santafesina). En esta prueba fue novena la lehmense Naira Castillo, representente de ACCOS.<br \/>\n<strong>Contrarreloj Varones 2008:<\/strong>\u00a01) Nicol\u00e1s Almada (Sur Correntino) en 12m 06s 945\/1000, 2) Alexis Carballo (Metropolitana) y 3) Salvador Faris (Metropolitana).<br \/>\n<strong>Contrarreloj Varones junior:<\/strong>\u00a01) Lisandro Su\u00e1rez (Metropolitana) con 23m 46s 789; 2) Leonardo P\u00e9rez (Juninense) y 3) Santiago Gru\u00f1eiro (Santafesina).<br \/>\n<strong>Contrarreloj Damas junior:<\/strong>\u00a01) Delfina Dibella Latorre (Sanjuanina) en 13m 56s 184; 2) Valentina Orocito (R\u00edo Negro) y 3) Mayra Tocha (Metropolitana).<\/p>\n<p>PROGRAMACION DEL SABADO<br \/>\nEste s\u00e1bado comenzar\u00e1n las pruebas en l\u00ednea. A las 9.30 para la categor\u00eda damas clases 2010 \/ 2011 \/ 2012 a 3 vueltas; a las 10:15 se iniciar\u00e1 la de la categor\u00eda varones clase 2011 \/ 2012 a 3 vueltas; a las 11:00 para los varones clase 2010 a 8 vueltas y a las 12:30 la de varones clase 2009 a 9 vueltas.<\/p>\n","protected":false},"excerpt":{"rendered":"<p>Este viernes dio comienzo el Campeonato Argentino de Ruta para menores y juveniles en el aut\u00f3dromo \u00abCiudad de Rafaela\u00bb, organizado<\/p>\n","protected":false},"author":2,"featured_media":46619,"comment_status":"closed","ping_status":"closed","sticky":false,"template":"","format":"standard","meta":{"footnotes":""},"categories":[4,24],"tags":[],"class_list":["post-46615","post","type-post","status-publish","format-standard","has-post-thumbnail","hentry","category-ciclismo","category-noticias-destacadas"],"cc_featured_image_caption":{"caption_text":"Delfina Dibella gan\u00f3 la crono junior de damas.","source_text":"","source_url":""},"_links":{"self":[{"href":"https:\/\/todoapulmon-rafaela.com\/index.php\/wp-json\/wp\/v2\/posts\/46615"}],"collection":[{"href":"https:\/\/todoapulmon-rafaela.com\/index.php\/wp-json\/wp\/v2\/posts"}],"about":[{"href":"https:\/\/todoapulmon-rafaela.com\/index.php\/wp-json\/wp\/v2\/types\/post"}],"author":[{"embeddable":true,"href":"https:\/\/todoapulmon-rafaela.com\/index.php\/wp-json\/wp\/v2\/users\/2"}],"replies":[{"embeddable":true,"href":"https:\/\/todoapulmon-rafaela.com\/index.php\/wp-json\/wp\/v2\/comments?post=46615"}],"version-history":[{"count":1,"href":"https:\/\/todoapulmon-rafaela.com\/index.php\/wp-json\/wp\/v2\/posts\/46615\/revisions"}],"predecessor-version":[{"id":46617,"href":"https:\/\/todoapulmon-rafaela.com\/index.php\/wp-json\/wp\/v2\/posts\/46615\/revisions\/46617"}],"wp:featuredmedia":[{"embeddable":true,"href":"https:\/\/todoapulmon-rafaela.com\/index.php\/wp-json\/wp\/v2\/media\/46619"}],"wp:attachment":[{"href":"https:\/\/todoapulmon-rafaela.com\/index.php\/wp-json\/wp\/v2\/media?parent=46615"}],"wp:term":[{"taxonomy":"category","embeddable":true,"href":"https:\/\/todoapulmon-rafaela.com\/index.php\/wp-json\/wp\/v2\/categories?post=46615"},{"taxonomy":"post_tag","embeddable":true,"href":"https:\/\/todoapulmon-rafaela.com\/index.php\/wp-json\/wp\/v2\/tags?post=46615"}],"curies":[{"name":"wp","href":"https:\/\/api.w.org\/{rel}","templated":true}]}}