{"id":46485,"date":"2024-03-01T13:51:56","date_gmt":"2024-03-01T13:51:56","guid":{"rendered":"https:\/\/todoapulmon-rafaela.com\/?p=46485"},"modified":"2024-03-01T13:52:49","modified_gmt":"2024-03-01T13:52:49","slug":"federico-pronotti-fue-elegido-presidente-de-la-arb","status":"publish","type":"post","link":"https:\/\/todoapulmon-rafaela.com\/index.php\/2024\/03\/01\/federico-pronotti-fue-elegido-presidente-de-la-arb\/","title":{"rendered":"Federico Pronotti fue elegido presidente de la ARB"},"content":{"rendered":"<p>Como estaba programado se realiz\u00f3 este jueves la Asamblea General Ordinaria de la Asociaci\u00f3n Rafaelina de B\u00e1squetbol, en la que se produjo el recambio de autoridades para este 2024.<\/p>\n<p>La lista \u00abARB Somos Todos\u00bb, como se conoc\u00eda, fue la \u00fanica que se present\u00f3 para asumir la conducci\u00f3n y fue elegida por ocho votos positivos y dos en contra. De tal modo, Federico Pronotti fue elegido nuevo presidente, mientras que Mauricio Kidonakis es el vice, reemplazando a Daniel Dalmazzo y Diego Gramaglia, respectivamente.<\/p>\n<p><strong>Presidente:<\/strong>\u00a0Federico Pronotti.<\/p>\n<p><strong>Vicepresidente:<\/strong>\u00a0Mauricio Kidonakis.<\/p>\n<p><strong>Secretaria:<\/strong>\u00a0Fiorela Perin.<\/p>\n<p><strong>Pro-secretario:<\/strong>\u00a0Ariel Cecotti.<\/p>\n<p><strong>Tesorero:<\/strong>\u00a0Alejandro Tassoni.<\/p>\n<p><strong>Pro-tesorero:<\/strong>\u00a0Emiliano Arredondo.<\/p>\n<p><strong>Vocales titulares:<\/strong>\u00a0Gerardo Corroto, Jos\u00e9 Scotto, Enrique Bergesio, Abel T\u00e9vez, Lautaro Pronotti y Roc\u00edo Giraudo.<\/p>\n<p><strong>Vocales suplentes:<\/strong>\u00a0M\u00f3nica Lanciotti, Gustavo Ercole y Alejandro Zeballos.<\/p>\n<p><strong>S\u00edndico titular:<\/strong>\u00a0Maximiliano Postovit.<\/p>\n<p><strong>S\u00edndico suplente:<\/strong>\u00a0Claudio Volta.<\/p>\n<p><strong>Tribunal de Penas:<\/strong>\u00a0Leandro Rocchia y Maximiliano Mire.<\/p>\n<p>De esta manera, resta por aguardar que en los d\u00edas venideros se vayan oficializando los calendarios deportivos.<\/p>\n","protected":false},"excerpt":{"rendered":"<p>Como estaba programado se realiz\u00f3 este jueves la Asamblea General Ordinaria de la Asociaci\u00f3n Rafaelina de B\u00e1squetbol, en la que<\/p>\n","protected":false},"author":2,"featured_media":46486,"comment_status":"closed","ping_status":"closed","sticky":false,"template":"","format":"standard","meta":{"footnotes":""},"categories":[5],"tags":[],"class_list":["post-46485","post","type-post","status-publish","format-standard","has-post-thumbnail","hentry","category-basquet"],"cc_featured_image_caption":{"caption_text":"","source_text":"","source_url":""},"_links":{"self":[{"href":"https:\/\/todoapulmon-rafaela.com\/index.php\/wp-json\/wp\/v2\/posts\/46485"}],"collection":[{"href":"https:\/\/todoapulmon-rafaela.com\/index.php\/wp-json\/wp\/v2\/posts"}],"about":[{"href":"https:\/\/todoapulmon-rafaela.com\/index.php\/wp-json\/wp\/v2\/types\/post"}],"author":[{"embeddable":true,"href":"https:\/\/todoapulmon-rafaela.com\/index.php\/wp-json\/wp\/v2\/users\/2"}],"replies":[{"embeddable":true,"href":"https:\/\/todoapulmon-rafaela.com\/index.php\/wp-json\/wp\/v2\/comments?post=46485"}],"version-history":[{"count":3,"href":"https:\/\/todoapulmon-rafaela.com\/index.php\/wp-json\/wp\/v2\/posts\/46485\/revisions"}],"predecessor-version":[{"id":46489,"href":"https:\/\/todoapulmon-rafaela.com\/index.php\/wp-json\/wp\/v2\/posts\/46485\/revisions\/46489"}],"wp:featuredmedia":[{"embeddable":true,"href":"https:\/\/todoapulmon-rafaela.com\/index.php\/wp-json\/wp\/v2\/media\/46486"}],"wp:attachment":[{"href":"https:\/\/todoapulmon-rafaela.com\/index.php\/wp-json\/wp\/v2\/media?parent=46485"}],"wp:term":[{"taxonomy":"category","embeddable":true,"href":"https:\/\/todoapulmon-rafaela.com\/index.php\/wp-json\/wp\/v2\/categories?post=46485"},{"taxonomy":"post_tag","embeddable":true,"href":"https:\/\/todoapulmon-rafaela.com\/index.php\/wp-json\/wp\/v2\/tags?post=46485"}],"curies":[{"name":"wp","href":"https:\/\/api.w.org\/{rel}","templated":true}]}}