{"id":46401,"date":"2024-02-23T16:23:21","date_gmt":"2024-02-23T16:23:21","guid":{"rendered":"https:\/\/todoapulmon-rafaela.com\/?p=46401"},"modified":"2024-02-23T16:23:21","modified_gmt":"2024-02-23T16:23:21","slug":"gran-cantidad-de-vecinos-disfrutaron-de-una-nueva-bicicleteada","status":"publish","type":"post","link":"https:\/\/todoapulmon-rafaela.com\/index.php\/2024\/02\/23\/gran-cantidad-de-vecinos-disfrutaron-de-una-nueva-bicicleteada\/","title":{"rendered":"Gran cantidad de vecinos disfrutaron de una nueva bicicleteada"},"content":{"rendered":"<div id=\"m_-44800704157799000944620ecdf-7bf8-4efa-b8cf-29d5bcf4d840\">Con gran participaci\u00f3n ciudadana, el Gobierno municipal concret\u00f3 la segunda bicicleteada del a\u00f1o, en el marco del programa Verano Juntos. Alrededor de 400 personas recorrieron 10 kil\u00f3metros por las calles de la ciudad. La actividad finaliz\u00f3 con el sorteo de dos bicicletas SLP entre los participantes.<\/div>\n<div id=\"m_-44800704157799000944620ecdf-7bf8-4efa-b8cf-29d5bcf4d840\"><\/div>\n<div id=\"m_-44800704157799000944620ecdf-7bf8-4efa-b8cf-29d5bcf4d840\">La noche del jueves convoc\u00f3 a m\u00e1s de 400 personas, entre ni\u00f1os, j\u00f3venes y adultos, que se sumaron a esta iniciativa, disfrutando de la bicicleta como medio de transporte activo y sustentable, en el marco de la agenda Verano Juntos.<\/div>\n<div id=\"m_-44800704157799000944620ecdf-7bf8-4efa-b8cf-29d5bcf4d840\"><\/div>\n<div id=\"m_-44800704157799000944620ecdf-7bf8-4efa-b8cf-29d5bcf4d840\">El intendente de la ciudad, Leonardo Viotti, destac\u00f3 la cantidad de personas y familias que se acercaron a \u201cdisfrutar de nuestra ciudad con el deporte, siempre con actividades y dando\u00a0 lo mejor de nuestro equipo\u00bb.<\/div>\n<div id=\"m_-44800704157799000944620ecdf-7bf8-4efa-b8cf-29d5bcf4d840\"><\/div>\n<div id=\"m_-44800704157799000944620ecdf-7bf8-4efa-b8cf-29d5bcf4d840\">Adem\u00e1s, agradeci\u00f3 a las familias que siempre acompa\u00f1an. \u201cLa verdad es que esto nos permite disfrutar de la hermosa ciudad que tenemos. Agradecerle a todo el equipo municipal que ha coordinado esta actividad\u201d.<\/div>\n<div id=\"m_-44800704157799000944620ecdf-7bf8-4efa-b8cf-29d5bcf4d840\"><\/div>\n<div id=\"m_-44800704157799000944620ecdf-7bf8-4efa-b8cf-29d5bcf4d840\">\u201cSon de las primeras en nuestra gesti\u00f3n. La idea es ir fortaleciendo y\u00a0 sumando, siempre con el trabajo en equipo, junto a las instituciones y con los distintos grupos deportivos de la ciudad. Es lo que debemos hacer, es lo que hace a Rafaela diferente y debemos potenciarlo todos juntos\u201d, enfatiz\u00f3 Viotti.<\/div>\n<div id=\"m_-44800704157799000944620ecdf-7bf8-4efa-b8cf-29d5bcf4d840\"><\/div>\n<div id=\"m_-44800704157799000944620ecdf-7bf8-4efa-b8cf-29d5bcf4d840\">El evento estuvo acompa\u00f1ado por el director del Instituto para el Desarrollo Sustentable, Enrique Soffietti, quien ponder\u00f3 la participaci\u00f3n: \u201cEs una propuesta que los ciudadanos solicitan y agradecen, y que valoran con su gran participaci\u00f3n. Por eso nos parece fundamental seguir realizando m\u00e1s, en el marco de las actividades de verano\u201d.<\/div>\n<div id=\"m_-44800704157799000944620ecdf-7bf8-4efa-b8cf-29d5bcf4d840\"><\/div>\n<div id=\"m_-44800704157799000944620ecdf-7bf8-4efa-b8cf-29d5bcf4d840\">\u201cTenemos que trabajar por una movilidad m\u00e1s sostenible y eficiente, en este sentido la bicicleta tiene un rol fundamental. Tambi\u00e9n sumando cada vez mayor compromiso de la ciudadan\u00eda con su uso, siempre con el acompa\u00f1amiento del estado\u201d, finaliz\u00f3.<\/div>\n<div id=\"m_-44800704157799000944620ecdf-7bf8-4efa-b8cf-29d5bcf4d840\"><\/div>\n<div id=\"m_-44800704157799000944620ecdf-7bf8-4efa-b8cf-29d5bcf4d840\">Por su parte, el subsecretario de Deportes y Recreaci\u00f3n, Hugo Morel, tambi\u00e9n presente, valor\u00f3 este tradicional ciclo del verano rafaelino: \u201cUn plan ideal para quienes quieran disfrutar de la actividad f\u00edsica al aire libre, las noches de verano y la buena compa\u00f1\u00eda. Una iniciativa que fomenta el uso de la bicicleta como medio de transporte diario y promueve la actividad f\u00edsica y el cuidado de la salud\u201d.<\/div>\n<div id=\"m_-44800704157799000944620ecdf-7bf8-4efa-b8cf-29d5bcf4d840\"><\/div>\n<div id=\"m_-44800704157799000944620ecdf-7bf8-4efa-b8cf-29d5bcf4d840\">El recorrido se realiz\u00f3 a ritmo moderado para que toda la familia pueda participar y disfrutar. Comenz\u00f3 en la Plaza 25 de Mayo frente al palacio municipal y estuvo acompa\u00f1ado por el grupo Los Picantes.<\/div>\n<div id=\"m_-44800704157799000944620ecdf-7bf8-4efa-b8cf-29d5bcf4d840\"><\/div>\n<div id=\"m_-44800704157799000944620ecdf-7bf8-4efa-b8cf-29d5bcf4d840\">Al finalizar el recorrido los asistentes realizaron una clase de estiramiento junto a profesionales del municipio. Poniendo en valor la gran cantidad de personas que se sumaron a la primera bicicleteada, en esta oportunidad el IDSR redobl\u00f3 la apuesta y sorte\u00f3 dos bicicletas mountain bike SLP. Tambi\u00e9n cascos, carama\u00f1olas, luces y candados, gracias al aporte de Casa Delma y Bici Peretti.<\/div>\n<div id=\"m_-44800704157799000944620ecdf-7bf8-4efa-b8cf-29d5bcf4d840\"><\/div>\n<div id=\"m_-44800704157799000944620ecdf-7bf8-4efa-b8cf-29d5bcf4d840\">Resultaron ganadores de las bicicletas Hugo Vasquez, del barrio 30 de octubre y Luis Garrapa, de barrio San Martin.<\/div>\n<div id=\"m_-44800704157799000944620ecdf-7bf8-4efa-b8cf-29d5bcf4d840\"><\/div>\n<div id=\"m_-44800704157799000944620ecdf-7bf8-4efa-b8cf-29d5bcf4d840\">\u201cEstas actividades me encantan y aliento a que se siga haciendo esto porque creo que es una de las maneras de incentivar esto del medio de movilidad sustentable, del cuidado, del medio ambiente y de imitar a pa\u00edses que est\u00e1n un par de pasos m\u00e1s adelante que nosotros. As\u00ed es que aliento a que se siga haciendo este tipo de cosas\u201d, destac\u00f3 Luis.<\/div>\n<div id=\"m_-44800704157799000944620ecdf-7bf8-4efa-b8cf-29d5bcf4d840\"><\/div>\n<div id=\"m_-44800704157799000944620ecdf-7bf8-4efa-b8cf-29d5bcf4d840\">\u201cTen\u00eda el presentimiento de que pod\u00eda llegar a ganar la bici. Estoy feliz. Debo agradecer a toda la gente que se sum\u00f3 esta noche y ojal\u00e1 en la pr\u00f3xima seamos m\u00e1s y a la gente que organiza este tipo de eventos, tanto la gente de la municipalidad, todos los grupos y que en la pr\u00f3xima seamos m\u00e1s. Aliento al uso de la bicicleta, que es algo que nos hace bien en todos sentidos\u201d, finaliz\u00f3.<\/div>\n<div id=\"m_-44800704157799000944620ecdf-7bf8-4efa-b8cf-29d5bcf4d840\"><\/div>\n<div id=\"m_-44800704157799000944620ecdf-7bf8-4efa-b8cf-29d5bcf4d840\"><strong>Experiencias<\/strong><\/div>\n<div>Miguel, del barrio Central C\u00f3rdoba, cont\u00f3: \u201cParticipo porque me gusta, me parecen buenas estas actividades. Cuidan el ambiente, hacen bien a la salud. Deber\u00edan hacer m\u00e1s actividades similares\u201d.<\/div>\n<div><img loading=\"lazy\" decoding=\"async\" class=\"alignnone size-full wp-image-46403\" src=\"https:\/\/todoapulmon-rafaela.com\/wp-content\/uploads\/2024\/02\/bici2.jpg\" alt=\"\" width=\"1600\" height=\"1066\" srcset=\"https:\/\/todoapulmon-rafaela.com\/wp-content\/uploads\/2024\/02\/bici2.jpg 1600w, https:\/\/todoapulmon-rafaela.com\/wp-content\/uploads\/2024\/02\/bici2-300x200.jpg 300w, https:\/\/todoapulmon-rafaela.com\/wp-content\/uploads\/2024\/02\/bici2-1536x1023.jpg 1536w\" sizes=\"(max-width: 1600px) 100vw, 1600px\" \/><\/div>\n<div id=\"m_-44800704157799000944620ecdf-7bf8-4efa-b8cf-29d5bcf4d840\"><\/div>\n<div id=\"m_-44800704157799000944620ecdf-7bf8-4efa-b8cf-29d5bcf4d840\">\u201cVengo con mi hijo, mi nuera y su hermana. Voy mucho en bicicleta, no bicicleteo pero ando de esa forma y me gusta participar de estas actividades\u201d, agreg\u00f3.<\/div>\n<div id=\"m_-44800704157799000944620ecdf-7bf8-4efa-b8cf-29d5bcf4d840\"><\/div>\n<div id=\"m_-44800704157799000944620ecdf-7bf8-4efa-b8cf-29d5bcf4d840\">Por su parte, Graciela, del barrio Guillermo Lehmann, dijo: \u201cVine con mis amigos que siempre salimos juntos. Ya la otra vez tambi\u00e9n participamos, nos gusta hacer actividad f\u00edsica\u201d.<\/div>\n<div id=\"m_-44800704157799000944620ecdf-7bf8-4efa-b8cf-29d5bcf4d840\"><\/div>\n<div id=\"m_-44800704157799000944620ecdf-7bf8-4efa-b8cf-29d5bcf4d840\">Marcelo, del barrio Villa Rosa, coment\u00f3: \u201cVine con mi esposa y mi hijo. Nos gusta porque los tres hacemos deporte y andamos en bicicleta. Este tipo de actividades es espectacular, yo hace ya 4 a\u00f1os que vengo y si se har\u00eda m\u00e1s seguido mejor, para incentivar a la gente, para que se divierta, participe, la pase bien\u201d.<\/div>\n<div><\/div>\n<div>Fuente: prensa Municipalidad.<\/div>\n","protected":false},"excerpt":{"rendered":"<p>Con gran participaci\u00f3n ciudadana, el Gobierno municipal concret\u00f3 la segunda bicicleteada del a\u00f1o, en el marco del programa Verano Juntos.<\/p>\n","protected":false},"author":2,"featured_media":46402,"comment_status":"closed","ping_status":"closed","sticky":false,"template":"","format":"standard","meta":{"footnotes":""},"categories":[4,24],"tags":[],"class_list":["post-46401","post","type-post","status-publish","format-standard","has-post-thumbnail","hentry","category-ciclismo","category-noticias-destacadas"],"cc_featured_image_caption":{"caption_text":"FOTO PRENSA MUNICIPALIDAD","source_text":"","source_url":""},"_links":{"self":[{"href":"https:\/\/todoapulmon-rafaela.com\/index.php\/wp-json\/wp\/v2\/posts\/46401"}],"collection":[{"href":"https:\/\/todoapulmon-rafaela.com\/index.php\/wp-json\/wp\/v2\/posts"}],"about":[{"href":"https:\/\/todoapulmon-rafaela.com\/index.php\/wp-json\/wp\/v2\/types\/post"}],"author":[{"embeddable":true,"href":"https:\/\/todoapulmon-rafaela.com\/index.php\/wp-json\/wp\/v2\/users\/2"}],"replies":[{"embeddable":true,"href":"https:\/\/todoapulmon-rafaela.com\/index.php\/wp-json\/wp\/v2\/comments?post=46401"}],"version-history":[{"count":1,"href":"https:\/\/todoapulmon-rafaela.com\/index.php\/wp-json\/wp\/v2\/posts\/46401\/revisions"}],"predecessor-version":[{"id":46404,"href":"https:\/\/todoapulmon-rafaela.com\/index.php\/wp-json\/wp\/v2\/posts\/46401\/revisions\/46404"}],"wp:featuredmedia":[{"embeddable":true,"href":"https:\/\/todoapulmon-rafaela.com\/index.php\/wp-json\/wp\/v2\/media\/46402"}],"wp:attachment":[{"href":"https:\/\/todoapulmon-rafaela.com\/index.php\/wp-json\/wp\/v2\/media?parent=46401"}],"wp:term":[{"taxonomy":"category","embeddable":true,"href":"https:\/\/todoapulmon-rafaela.com\/index.php\/wp-json\/wp\/v2\/categories?post=46401"},{"taxonomy":"post_tag","embeddable":true,"href":"https:\/\/todoapulmon-rafaela.com\/index.php\/wp-json\/wp\/v2\/tags?post=46401"}],"curies":[{"name":"wp","href":"https:\/\/api.w.org\/{rel}","templated":true}]}}