{"id":46333,"date":"2024-02-20T11:22:53","date_gmt":"2024-02-20T11:22:53","guid":{"rendered":"https:\/\/todoapulmon-rafaela.com\/?p=46333"},"modified":"2024-02-20T11:42:17","modified_gmt":"2024-02-20T11:42:17","slug":"otro-podio-rafaelino-en-la-esmeralda-la-paz","status":"publish","type":"post","link":"https:\/\/todoapulmon-rafaela.com\/index.php\/2024\/02\/20\/otro-podio-rafaelino-en-la-esmeralda-la-paz\/","title":{"rendered":"Otro podio rafaelino en la \u00abEsmeralda &#8211; La Paz\u00bb"},"content":{"rendered":"<p>La \u00abEsmeralda &#8211; La Paz\u00bb es una de las competencias m\u00e1s lindas del canotaje nacional. El domingo 18 de febrero volvi\u00f3 a realizarse en el R\u00edo Paran\u00e1, donde m\u00e1s de 300 participantes de todo el pa\u00eds disfrutaron de la edici\u00f3n 2024 y entre ellos Diego Turco &#8211; Cecilia Stricker volvieron a subir al podio repitiendo el tercer puesto en la categor\u00eda Piragua Mixta + 45, en su segunda participaci\u00f3n en la misma.<\/p>\n<p>La regata fue muy pareja, ya que los tres primeros luego de los exigentes 16 kil\u00f3metros del recorrido llegaron en apenas 10 metros de diferencia.<\/p>\n<p><img loading=\"lazy\" decoding=\"async\" class=\"alignnone size-full wp-image-46338\" src=\"https:\/\/todoapulmon-rafaela.com\/wp-content\/uploads\/2024\/02\/IMG-20240219-WA0002.jpg\" alt=\"\" width=\"1048\" height=\"718\" srcset=\"https:\/\/todoapulmon-rafaela.com\/wp-content\/uploads\/2024\/02\/IMG-20240219-WA0002.jpg 1048w, https:\/\/todoapulmon-rafaela.com\/wp-content\/uploads\/2024\/02\/IMG-20240219-WA0002-300x206.jpg 300w, https:\/\/todoapulmon-rafaela.com\/wp-content\/uploads\/2024\/02\/IMG-20240219-WA0002-130x90.jpg 130w\" sizes=\"(max-width: 1048px) 100vw, 1048px\" \/><\/p>\n<p>Con una organizaci\u00f3n impecable del grupo de volutarios pace\u00f1os, el evento no solamente abarca lo referente a la competencia con la entrega de kits y asistencia con hidrataci\u00f3n, sino que tambi\u00e9n lleva a cabo un tercer tiempo, las respectivas premiaciones, sorteos y shows musicales para completar un fin de semana de deporte y camarader\u00eda entre amigos.<\/p>\n","protected":false},"excerpt":{"rendered":"<p>La \u00abEsmeralda &#8211; La Paz\u00bb es una de las competencias m\u00e1s lindas del canotaje nacional. El domingo 18 de febrero<\/p>\n","protected":false},"author":2,"featured_media":46340,"comment_status":"closed","ping_status":"closed","sticky":false,"template":"","format":"standard","meta":{"footnotes":""},"categories":[24],"tags":[],"class_list":["post-46333","post","type-post","status-publish","format-standard","has-post-thumbnail","hentry","category-noticias-destacadas"],"cc_featured_image_caption":{"caption_text":"","source_text":"","source_url":""},"_links":{"self":[{"href":"https:\/\/todoapulmon-rafaela.com\/index.php\/wp-json\/wp\/v2\/posts\/46333"}],"collection":[{"href":"https:\/\/todoapulmon-rafaela.com\/index.php\/wp-json\/wp\/v2\/posts"}],"about":[{"href":"https:\/\/todoapulmon-rafaela.com\/index.php\/wp-json\/wp\/v2\/types\/post"}],"author":[{"embeddable":true,"href":"https:\/\/todoapulmon-rafaela.com\/index.php\/wp-json\/wp\/v2\/users\/2"}],"replies":[{"embeddable":true,"href":"https:\/\/todoapulmon-rafaela.com\/index.php\/wp-json\/wp\/v2\/comments?post=46333"}],"version-history":[{"count":5,"href":"https:\/\/todoapulmon-rafaela.com\/index.php\/wp-json\/wp\/v2\/posts\/46333\/revisions"}],"predecessor-version":[{"id":46341,"href":"https:\/\/todoapulmon-rafaela.com\/index.php\/wp-json\/wp\/v2\/posts\/46333\/revisions\/46341"}],"wp:featuredmedia":[{"embeddable":true,"href":"https:\/\/todoapulmon-rafaela.com\/index.php\/wp-json\/wp\/v2\/media\/46340"}],"wp:attachment":[{"href":"https:\/\/todoapulmon-rafaela.com\/index.php\/wp-json\/wp\/v2\/media?parent=46333"}],"wp:term":[{"taxonomy":"category","embeddable":true,"href":"https:\/\/todoapulmon-rafaela.com\/index.php\/wp-json\/wp\/v2\/categories?post=46333"},{"taxonomy":"post_tag","embeddable":true,"href":"https:\/\/todoapulmon-rafaela.com\/index.php\/wp-json\/wp\/v2\/tags?post=46333"}],"curies":[{"name":"wp","href":"https:\/\/api.w.org\/{rel}","templated":true}]}}