{"id":46331,"date":"2024-02-20T10:54:56","date_gmt":"2024-02-20T10:54:56","guid":{"rendered":"https:\/\/todoapulmon-rafaela.com\/?p=46331"},"modified":"2024-02-20T10:54:56","modified_gmt":"2024-02-20T10:54:56","slug":"atletico-sumara-el-basquet-femenino","status":"publish","type":"post","link":"https:\/\/todoapulmon-rafaela.com\/index.php\/2024\/02\/20\/atletico-sumara-el-basquet-femenino\/","title":{"rendered":"Atl\u00e9tico sumar\u00e1 el b\u00e1squet femenino"},"content":{"rendered":"<p>El pr\u00f3ximo lunes 26 de febrero, a partir de las 18:00, el Minib\u00e1squet de Atl\u00e9tico iniciar\u00e1 la temporada de entrenamientos con una importante novedad. En esta ocasi\u00f3n, la instituci\u00f3n de barrio Alberdi abrir\u00e1 las inscripciones para nenas y nenes en las categor\u00edas Escuelita, Premini y Mini.<br \/>\nLos entrenamientos estar\u00e1n a cargo de los profesores Pablo Madera, Rodrigo Nieto y Victoria Segatti. Pablo continua de las temporadas anteriores, mientras que Rodrigo se suma proveniente de Argentino Quilmes y Victoria de Independiente de nuestra ciudad.<br \/>\nPara los interesados en sumarse a la disciplina, pueden acercarse los d\u00edas de entrenamiento al Estadio Arq. Lucio Casar\u00edn o a la sede administrativa \u00abJulio Litvak\u00bb de lunes a viernes de 8:00 a 18:30.<\/p>\n","protected":false},"excerpt":{"rendered":"<p>El pr\u00f3ximo lunes 26 de febrero, a partir de las 18:00, el Minib\u00e1squet de Atl\u00e9tico iniciar\u00e1 la temporada de entrenamientos<\/p>\n","protected":false},"author":2,"featured_media":39710,"comment_status":"closed","ping_status":"closed","sticky":false,"template":"","format":"standard","meta":{"footnotes":""},"categories":[5],"tags":[],"class_list":["post-46331","post","type-post","status-publish","format-standard","has-post-thumbnail","hentry","category-basquet"],"cc_featured_image_caption":{"caption_text":"","source_text":"","source_url":""},"_links":{"self":[{"href":"https:\/\/todoapulmon-rafaela.com\/index.php\/wp-json\/wp\/v2\/posts\/46331"}],"collection":[{"href":"https:\/\/todoapulmon-rafaela.com\/index.php\/wp-json\/wp\/v2\/posts"}],"about":[{"href":"https:\/\/todoapulmon-rafaela.com\/index.php\/wp-json\/wp\/v2\/types\/post"}],"author":[{"embeddable":true,"href":"https:\/\/todoapulmon-rafaela.com\/index.php\/wp-json\/wp\/v2\/users\/2"}],"replies":[{"embeddable":true,"href":"https:\/\/todoapulmon-rafaela.com\/index.php\/wp-json\/wp\/v2\/comments?post=46331"}],"version-history":[{"count":1,"href":"https:\/\/todoapulmon-rafaela.com\/index.php\/wp-json\/wp\/v2\/posts\/46331\/revisions"}],"predecessor-version":[{"id":46332,"href":"https:\/\/todoapulmon-rafaela.com\/index.php\/wp-json\/wp\/v2\/posts\/46331\/revisions\/46332"}],"wp:featuredmedia":[{"embeddable":true,"href":"https:\/\/todoapulmon-rafaela.com\/index.php\/wp-json\/wp\/v2\/media\/39710"}],"wp:attachment":[{"href":"https:\/\/todoapulmon-rafaela.com\/index.php\/wp-json\/wp\/v2\/media?parent=46331"}],"wp:term":[{"taxonomy":"category","embeddable":true,"href":"https:\/\/todoapulmon-rafaela.com\/index.php\/wp-json\/wp\/v2\/categories?post=46331"},{"taxonomy":"post_tag","embeddable":true,"href":"https:\/\/todoapulmon-rafaela.com\/index.php\/wp-json\/wp\/v2\/tags?post=46331"}],"curies":[{"name":"wp","href":"https:\/\/api.w.org\/{rel}","templated":true}]}}