{"id":46188,"date":"2024-02-12T02:02:31","date_gmt":"2024-02-12T02:02:31","guid":{"rendered":"https:\/\/todoapulmon-rafaela.com\/?p=46188"},"modified":"2024-02-12T02:02:31","modified_gmt":"2024-02-12T02:02:31","slug":"darderi-logro-el-titulo-en-cordoba","status":"publish","type":"post","link":"https:\/\/todoapulmon-rafaela.com\/index.php\/2024\/02\/12\/darderi-logro-el-titulo-en-cordoba\/","title":{"rendered":"Darderi logr\u00f3 el t\u00edtulo en C\u00f3rdoba"},"content":{"rendered":"<p><strong>Luciano Darderi\u00a0<\/strong>(136\u00ba) se consagr\u00f3 campe\u00f3n del\u00a0<strong>C\u00f3rdoba Open<\/strong>. El italiano-argentino derrot\u00f3\u00a0en sets corridos, 6-1 y 6-4 al argentino\u00a0<strong>Facundo Bagnis<\/strong>\u00a0(207\u00ba) en el Polo Deportivo Kempes y se coron\u00f3 ganador del ATP 250.<\/p>\n<p>El tenista de 21 a\u00f1os, que naci\u00f3 en Argentina (en Villa Gessel)\u00a0pero representa a Italia, gan\u00f3 por primera vez en su carrera un t\u00edtulo ATP luego de una hora y media de juego, en la que fue claro dominador desde el inicio mostrando un mayor estado f\u00edsico.<\/p>\n<p>Con este t\u00edtulo, Darderi pasar\u00e1 a ocupar a partir del lunes el puesto 76\u00ba en ATP<strong>.<\/strong>\u00a0Bagnis, por su parte, escalar\u00e1 al 138\u00b0 la semana entrante.<\/p>\n","protected":false},"excerpt":{"rendered":"<p>Luciano Darderi\u00a0(136\u00ba) se consagr\u00f3 campe\u00f3n del\u00a0C\u00f3rdoba Open. El italiano-argentino derrot\u00f3\u00a0en sets corridos, 6-1 y 6-4 al argentino\u00a0Facundo Bagnis\u00a0(207\u00ba) en el<\/p>\n","protected":false},"author":2,"featured_media":46189,"comment_status":"closed","ping_status":"closed","sticky":false,"template":"","format":"standard","meta":{"footnotes":""},"categories":[24,6],"tags":[],"class_list":["post-46188","post","type-post","status-publish","format-standard","has-post-thumbnail","hentry","category-noticias-destacadas","category-tenis"],"cc_featured_image_caption":{"caption_text":"Foto C\u00f3rdoba Open","source_text":"","source_url":""},"_links":{"self":[{"href":"https:\/\/todoapulmon-rafaela.com\/index.php\/wp-json\/wp\/v2\/posts\/46188"}],"collection":[{"href":"https:\/\/todoapulmon-rafaela.com\/index.php\/wp-json\/wp\/v2\/posts"}],"about":[{"href":"https:\/\/todoapulmon-rafaela.com\/index.php\/wp-json\/wp\/v2\/types\/post"}],"author":[{"embeddable":true,"href":"https:\/\/todoapulmon-rafaela.com\/index.php\/wp-json\/wp\/v2\/users\/2"}],"replies":[{"embeddable":true,"href":"https:\/\/todoapulmon-rafaela.com\/index.php\/wp-json\/wp\/v2\/comments?post=46188"}],"version-history":[{"count":1,"href":"https:\/\/todoapulmon-rafaela.com\/index.php\/wp-json\/wp\/v2\/posts\/46188\/revisions"}],"predecessor-version":[{"id":46190,"href":"https:\/\/todoapulmon-rafaela.com\/index.php\/wp-json\/wp\/v2\/posts\/46188\/revisions\/46190"}],"wp:featuredmedia":[{"embeddable":true,"href":"https:\/\/todoapulmon-rafaela.com\/index.php\/wp-json\/wp\/v2\/media\/46189"}],"wp:attachment":[{"href":"https:\/\/todoapulmon-rafaela.com\/index.php\/wp-json\/wp\/v2\/media?parent=46188"}],"wp:term":[{"taxonomy":"category","embeddable":true,"href":"https:\/\/todoapulmon-rafaela.com\/index.php\/wp-json\/wp\/v2\/categories?post=46188"},{"taxonomy":"post_tag","embeddable":true,"href":"https:\/\/todoapulmon-rafaela.com\/index.php\/wp-json\/wp\/v2\/tags?post=46188"}],"curies":[{"name":"wp","href":"https:\/\/api.w.org\/{rel}","templated":true}]}}