{"id":4605,"date":"2017-02-12T18:41:05","date_gmt":"2017-02-12T18:41:05","guid":{"rendered":"http:\/\/todoapulmon-rafaela.com\/?p=4605"},"modified":"2017-02-12T18:46:49","modified_gmt":"2017-02-12T18:46:49","slug":"triunfos-de-ternavasio-y-ponce-en-el-cras","status":"publish","type":"post","link":"https:\/\/todoapulmon-rafaela.com\/index.php\/2017\/02\/12\/triunfos-de-ternavasio-y-ponce-en-el-cras\/","title":{"rendered":"Triunfos de Ternavasio y Ponce en el CRAS"},"content":{"rendered":"<p>El s\u00e1bado por la noche, bajo una persistente llovizna, se realiz\u00f3 la 14\u00aa edici\u00f3n de la carrera Aniversario del CRAS, denominada \u00abRafaela Corre de Noche\u00bb. Se dieron cita unos 600 atletas entre todas las modalidades, 10k, Postas y Running Kids.<\/p>\n<p>Bajo estas dif\u00edciles condiciones para la log\u00edstica de la prueba, se dio un nuevo triunfo del sanvicentino Nicol\u00e1s Ternavasio en la general masculina con 33m30s, y de la esperancina Patricia Ponce en la femenina, con 36m26s. De nuestra ciudad los mejores ubicados fueron Germ\u00e1n Fernandez (9\u00ba) y Mariana Borlle (3\u00aa), respectivamente.<\/p>\n<p>Aqu\u00ed los resultados:<\/p>\n<p><a href=\"http:\/\/todoapulmon-rafaela.com\/wp-content\/uploads\/2017\/02\/Rafaela-Night-Race.xls\" rel=\"\">Rafaela Night Race<\/a><\/p>\n<figure id=\"attachment_4608\" aria-describedby=\"caption-attachment-4608\" style=\"width: 300px\" class=\"wp-caption alignnone\"><img loading=\"lazy\" decoding=\"async\" class=\"size-medium wp-image-4608\" src=\"http:\/\/todoapulmon-rafaela.com\/wp-content\/uploads\/2017\/02\/P1200879-300x225.jpg\" alt=\"Patricia Ponce, ganadora en la general femenina.\" width=\"300\" height=\"225\" srcset=\"https:\/\/todoapulmon-rafaela.com\/wp-content\/uploads\/2017\/02\/P1200879-300x225.jpg 300w, https:\/\/todoapulmon-rafaela.com\/wp-content\/uploads\/2017\/02\/P1200879-768x576.jpg 768w, https:\/\/todoapulmon-rafaela.com\/wp-content\/uploads\/2017\/02\/P1200879-1024x768.jpg 1024w\" sizes=\"(max-width: 300px) 100vw, 300px\" \/><figcaption id=\"caption-attachment-4608\" class=\"wp-caption-text\">Patricia Ponce, ganadora en la general femenina.<\/figcaption><\/figure>\n","protected":false},"excerpt":{"rendered":"<p>El s\u00e1bado por la noche, bajo una persistente llovizna, se realiz\u00f3 la 14\u00aa edici\u00f3n de la carrera Aniversario del CRAS,<\/p>\n","protected":false},"author":2,"featured_media":4606,"comment_status":"open","ping_status":"open","sticky":false,"template":"","format":"standard","meta":{"footnotes":""},"categories":[7,24],"tags":[],"class_list":["post-4605","post","type-post","status-publish","format-standard","has-post-thumbnail","hentry","category-atletismo","category-noticias-destacadas"],"cc_featured_image_caption":{"caption_text":"Un cl\u00e1sico del verano, el triunfo de Ternavasio en los 10k del CRAS.","source_text":"","source_url":""},"_links":{"self":[{"href":"https:\/\/todoapulmon-rafaela.com\/index.php\/wp-json\/wp\/v2\/posts\/4605"}],"collection":[{"href":"https:\/\/todoapulmon-rafaela.com\/index.php\/wp-json\/wp\/v2\/posts"}],"about":[{"href":"https:\/\/todoapulmon-rafaela.com\/index.php\/wp-json\/wp\/v2\/types\/post"}],"author":[{"embeddable":true,"href":"https:\/\/todoapulmon-rafaela.com\/index.php\/wp-json\/wp\/v2\/users\/2"}],"replies":[{"embeddable":true,"href":"https:\/\/todoapulmon-rafaela.com\/index.php\/wp-json\/wp\/v2\/comments?post=4605"}],"version-history":[{"count":3,"href":"https:\/\/todoapulmon-rafaela.com\/index.php\/wp-json\/wp\/v2\/posts\/4605\/revisions"}],"predecessor-version":[{"id":4612,"href":"https:\/\/todoapulmon-rafaela.com\/index.php\/wp-json\/wp\/v2\/posts\/4605\/revisions\/4612"}],"wp:featuredmedia":[{"embeddable":true,"href":"https:\/\/todoapulmon-rafaela.com\/index.php\/wp-json\/wp\/v2\/media\/4606"}],"wp:attachment":[{"href":"https:\/\/todoapulmon-rafaela.com\/index.php\/wp-json\/wp\/v2\/media?parent=4605"}],"wp:term":[{"taxonomy":"category","embeddable":true,"href":"https:\/\/todoapulmon-rafaela.com\/index.php\/wp-json\/wp\/v2\/categories?post=4605"},{"taxonomy":"post_tag","embeddable":true,"href":"https:\/\/todoapulmon-rafaela.com\/index.php\/wp-json\/wp\/v2\/tags?post=4605"}],"curies":[{"name":"wp","href":"https:\/\/api.w.org\/{rel}","templated":true}]}}