{"id":45984,"date":"2024-01-28T00:01:18","date_gmt":"2024-01-28T00:01:18","guid":{"rendered":"https:\/\/todoapulmon-rafaela.com\/?p=45984"},"modified":"2024-01-28T00:08:40","modified_gmt":"2024-01-28T00:08:40","slug":"zabala-fue-quinto-en-cochabamba","status":"publish","type":"post","link":"https:\/\/todoapulmon-rafaela.com\/index.php\/2024\/01\/28\/zabala-fue-quinto-en-cochabamba\/","title":{"rendered":"Zabala fue quinto en Cochabamba"},"content":{"rendered":"<p>En el cierre de esta primera jornada de competencias del III Campeonato Sudamericano de Pista Cubierta -el s\u00e1bado 27 de enero en el Estadio Municipal de Cochabamba- en los 1.500 metros llanos para hombres, el argentino\u00a0<strong>Jos\u00e9 Zabala <\/strong>qued\u00f3 5\u00b0 con 4:07.09. En esta competencia que tuvo como protagonista al atleta oriundo de Humboldt, luego de su reciente per\u00edodo de campus de altura en Cachi, se impuso\u00a0David Ninavia dando la nota con su medalla de oro para Bolivia en 3:56.65, delante de los brasile\u00f1os Guilherme Kurtz (4:00.38) y Thiago do Rosario Andr\u00e9 (4:00.54).<\/p>\n<p>Por su parte,\u00a0la velocista argentina\u00a0<strong>Florencia Lamboglia\u00a0<\/strong>ocup\u00f3 el 5\u00b0 puesto de la final de 60 metros llanos,<strong>\u00a0igualando el r\u00e9cord nacional \u00abindoor\u00bb\u00a0<\/strong>que hab\u00eda fijado con 7.42 durante las eliminatorias de la ma\u00f1ana.<\/p>\n<p>La triunfadora fue la brasile\u00f1a Vitoria Cristina Silva Rosa con 7.32, seguida por la colombiana Laura Mart\u00ednez con 7.40 y la chilena Ana\u00eds Hern\u00e1ndez con 7.41, el mismo tiempo que la local Guadalupe Torres. Vitoria es la recordwoman sudamericana con los 7.14 logrados hace dos a\u00f1os en el Mundial de Belgrado, donde alcanz\u00f3 las semifinales.<\/p>\n<p>En la misma prueba para la rama masculina, Felipe Bardi, recordman de su pa\u00eds en 100 metros durante el 2023, gan\u00f3 ahora con 6.58, seguido por el peruano Aaron Patrick Earl, revelaci\u00f3n de la prueba con sus 6.76, quedando el bronce para el venezolano David Vivas con 6.78. El brasilero Bardi retuvo el t\u00edtulo logrado hace dos a\u00f1os y mejor\u00f3 su marca personal (ten\u00eda 6.62), adem\u00e1s de convertirse en el tercer mejor sudamericano del historial indoor.<\/p>\n<p>Fuente: CADA.<\/p>\n","protected":false},"excerpt":{"rendered":"<p>En el cierre de esta primera jornada de competencias del III Campeonato Sudamericano de Pista Cubierta -el s\u00e1bado 27 de<\/p>\n","protected":false},"author":2,"featured_media":45987,"comment_status":"closed","ping_status":"closed","sticky":false,"template":"","format":"standard","meta":{"footnotes":""},"categories":[7],"tags":[],"class_list":["post-45984","post","type-post","status-publish","format-standard","has-post-thumbnail","hentry","category-atletismo"],"cc_featured_image_caption":{"caption_text":"","source_text":"","source_url":""},"_links":{"self":[{"href":"https:\/\/todoapulmon-rafaela.com\/index.php\/wp-json\/wp\/v2\/posts\/45984"}],"collection":[{"href":"https:\/\/todoapulmon-rafaela.com\/index.php\/wp-json\/wp\/v2\/posts"}],"about":[{"href":"https:\/\/todoapulmon-rafaela.com\/index.php\/wp-json\/wp\/v2\/types\/post"}],"author":[{"embeddable":true,"href":"https:\/\/todoapulmon-rafaela.com\/index.php\/wp-json\/wp\/v2\/users\/2"}],"replies":[{"embeddable":true,"href":"https:\/\/todoapulmon-rafaela.com\/index.php\/wp-json\/wp\/v2\/comments?post=45984"}],"version-history":[{"count":1,"href":"https:\/\/todoapulmon-rafaela.com\/index.php\/wp-json\/wp\/v2\/posts\/45984\/revisions"}],"predecessor-version":[{"id":45985,"href":"https:\/\/todoapulmon-rafaela.com\/index.php\/wp-json\/wp\/v2\/posts\/45984\/revisions\/45985"}],"wp:featuredmedia":[{"embeddable":true,"href":"https:\/\/todoapulmon-rafaela.com\/index.php\/wp-json\/wp\/v2\/media\/45987"}],"wp:attachment":[{"href":"https:\/\/todoapulmon-rafaela.com\/index.php\/wp-json\/wp\/v2\/media?parent=45984"}],"wp:term":[{"taxonomy":"category","embeddable":true,"href":"https:\/\/todoapulmon-rafaela.com\/index.php\/wp-json\/wp\/v2\/categories?post=45984"},{"taxonomy":"post_tag","embeddable":true,"href":"https:\/\/todoapulmon-rafaela.com\/index.php\/wp-json\/wp\/v2\/tags?post=45984"}],"curies":[{"name":"wp","href":"https:\/\/api.w.org\/{rel}","templated":true}]}}