{"id":45783,"date":"2024-01-09T21:10:02","date_gmt":"2024-01-09T21:10:02","guid":{"rendered":"https:\/\/todoapulmon-rafaela.com\/?p=45783"},"modified":"2024-01-09T21:12:31","modified_gmt":"2024-01-09T21:12:31","slug":"gimnastas-de-crear-realizan-pretemporada-en-mar-del-plata","status":"publish","type":"post","link":"https:\/\/todoapulmon-rafaela.com\/index.php\/2024\/01\/09\/gimnastas-de-crear-realizan-pretemporada-en-mar-del-plata\/","title":{"rendered":"Gimnastas de CREAR realizan pretemporada en Mar del Plata"},"content":{"rendered":"<p>Tres gimnastas de CREAR Club viajaron a Mar del Plata, junto al entrenador V\u00edctor Ingaramo, para realizar una pretemporada en las instalaciones del Club Quilmes. Se trata de Emilia Acosta (Elite Juvenil), Luc\u00eda Gonz\u00e1lez (Elite Mayor) y Araceli Burgos (infantil nivel 6, que este a\u00f1o aspirar\u00e1 al ingreso a Elite).<\/p>\n<p>Las deportistas empezaron de tal modo las actividades programadas este a\u00f1o, luego de un descanso muy corto por las Fiestas de fin de a\u00f1o. La estad\u00eda ser\u00e1 de dos semanas.<\/p>\n<p>De los trabajos est\u00e1n tomando parte 13 deportistas, participando las rafaelinas junto a representantes de la instituci\u00f3n anfitriona y una gimnasta de Mendoza.<\/p>\n<p>Por otra parte, a partir del 20 de enero, el entrenador y sus alumnas se trasladar\u00e1n a Buenos Aires para la segunda parte de estos trabajos de pretemporada y realizar la primera concentraci\u00f3n nacional supervisada por la Confederaci\u00f3n Argentina de Gimnasia.<\/p>\n","protected":false},"excerpt":{"rendered":"<p>Tres gimnastas de CREAR Club viajaron a Mar del Plata, junto al entrenador V\u00edctor Ingaramo, para realizar una pretemporada en<\/p>\n","protected":false},"author":2,"featured_media":45784,"comment_status":"closed","ping_status":"closed","sticky":false,"template":"","format":"standard","meta":{"footnotes":""},"categories":[24],"tags":[],"class_list":["post-45783","post","type-post","status-publish","format-standard","has-post-thumbnail","hentry","category-noticias-destacadas"],"cc_featured_image_caption":{"caption_text":"Araceli Burgos, Luc\u00eda Gonz\u00e1lez y Emilia Acosta (Foto CREAR Club).","source_text":"","source_url":""},"_links":{"self":[{"href":"https:\/\/todoapulmon-rafaela.com\/index.php\/wp-json\/wp\/v2\/posts\/45783"}],"collection":[{"href":"https:\/\/todoapulmon-rafaela.com\/index.php\/wp-json\/wp\/v2\/posts"}],"about":[{"href":"https:\/\/todoapulmon-rafaela.com\/index.php\/wp-json\/wp\/v2\/types\/post"}],"author":[{"embeddable":true,"href":"https:\/\/todoapulmon-rafaela.com\/index.php\/wp-json\/wp\/v2\/users\/2"}],"replies":[{"embeddable":true,"href":"https:\/\/todoapulmon-rafaela.com\/index.php\/wp-json\/wp\/v2\/comments?post=45783"}],"version-history":[{"count":4,"href":"https:\/\/todoapulmon-rafaela.com\/index.php\/wp-json\/wp\/v2\/posts\/45783\/revisions"}],"predecessor-version":[{"id":45788,"href":"https:\/\/todoapulmon-rafaela.com\/index.php\/wp-json\/wp\/v2\/posts\/45783\/revisions\/45788"}],"wp:featuredmedia":[{"embeddable":true,"href":"https:\/\/todoapulmon-rafaela.com\/index.php\/wp-json\/wp\/v2\/media\/45784"}],"wp:attachment":[{"href":"https:\/\/todoapulmon-rafaela.com\/index.php\/wp-json\/wp\/v2\/media?parent=45783"}],"wp:term":[{"taxonomy":"category","embeddable":true,"href":"https:\/\/todoapulmon-rafaela.com\/index.php\/wp-json\/wp\/v2\/categories?post=45783"},{"taxonomy":"post_tag","embeddable":true,"href":"https:\/\/todoapulmon-rafaela.com\/index.php\/wp-json\/wp\/v2\/tags?post=45783"}],"curies":[{"name":"wp","href":"https:\/\/api.w.org\/{rel}","templated":true}]}}