{"id":45774,"date":"2024-01-09T11:41:04","date_gmt":"2024-01-09T11:41:04","guid":{"rendered":"https:\/\/todoapulmon-rafaela.com\/?p=45774"},"modified":"2024-01-09T11:41:23","modified_gmt":"2024-01-09T11:41:23","slug":"diego-garcia-un-campeon-de-la-lnb-con-ben-hur-que-anuncio-su-retiro","status":"publish","type":"post","link":"https:\/\/todoapulmon-rafaela.com\/index.php\/2024\/01\/09\/diego-garcia-un-campeon-de-la-lnb-con-ben-hur-que-anuncio-su-retiro\/","title":{"rendered":"Diego Garc\u00eda, un campe\u00f3n con Ben Hur que anunci\u00f3 su retiro"},"content":{"rendered":"<p>Y un d\u00eda se retir\u00f3 Diego Garc\u00eda. Todav\u00eda se recuerdan esos costa a costa en el Coliseo del Sur, en aquellos a\u00f1os de los campeonatos de Ben Hur en la Liga Nacional (2004\/05) y Liga Sudamericana (2006). Fue la \u00e9poca dorada de la BH en el b\u00e1squet con Julio Lamas como entrenador.<\/p>\n<p>Pero no se lo recuerda solamente por sus virtudes basquetbol\u00edsticas que fueron muchas y hasta le dieron la posibilidad en selecci\u00f3n nacional, sino tambi\u00e9n por las humanas. Siempre se mostr\u00f3 amable, predispuesto con el periodismo y los hinchas.<\/p>\n<p>El escolta sancristobalense anunci\u00f3 en sus redes sociales con emotivas palabras su retiro. \u201cSe termin\u00f3 una gran parte de mi vida. Orgulloso de este hermoso deporte y de lo mucho que me dio. Carrera hecha realidad. Ni en mis mejores sue\u00f1os\u201d, expres\u00f3.<br \/>\nPara luego agregar: \u201cQue me dej\u00f3? El crecer y superarme d\u00eda a d\u00eda como deportista pero sobre todo como persona. 44 pirulos. Gracias totales\u201d.<\/p>\n<p>No solamente fue campe\u00f3n en Liga Nacional con Ben Hur , ya que tambi\u00e9n lo consigui\u00f3 con Quimsa de Santiago del Estero. Adem\u00e1s, ascendi\u00f3 a la elite con Central Entrerriano, fue campe\u00f3n de la Liga Sudamericana con Guaros de Lara y gan\u00f3 el Sudamericano 2008 en Puerto Montt con la Selecci\u00f3n Argentina. Tambi\u00e9n\u00a0un gran paso por Espa\u00f1a jugando en Burgos y Valladolid.<\/p>\n<p>Sus \u00faltimos puntos los sum\u00f3 en Rivadavia Juniors, en la Asociaci\u00f3n Santafesina.<\/p>\n","protected":false},"excerpt":{"rendered":"<p>Y un d\u00eda se retir\u00f3 Diego Garc\u00eda. Todav\u00eda se recuerdan esos costa a costa en el Coliseo del Sur, en<\/p>\n","protected":false},"author":2,"featured_media":45776,"comment_status":"closed","ping_status":"closed","sticky":false,"template":"","format":"standard","meta":{"footnotes":""},"categories":[5,24],"tags":[],"class_list":["post-45774","post","type-post","status-publish","format-standard","has-post-thumbnail","hentry","category-basquet","category-noticias-destacadas"],"cc_featured_image_caption":{"caption_text":"Diego Garc\u00eda con toda la potencia de aquellos tiempos en la BH, defendido por Paolo Quinteros en un partido con Boca (foto Marcelo Figueras).","source_text":"","source_url":""},"_links":{"self":[{"href":"https:\/\/todoapulmon-rafaela.com\/index.php\/wp-json\/wp\/v2\/posts\/45774"}],"collection":[{"href":"https:\/\/todoapulmon-rafaela.com\/index.php\/wp-json\/wp\/v2\/posts"}],"about":[{"href":"https:\/\/todoapulmon-rafaela.com\/index.php\/wp-json\/wp\/v2\/types\/post"}],"author":[{"embeddable":true,"href":"https:\/\/todoapulmon-rafaela.com\/index.php\/wp-json\/wp\/v2\/users\/2"}],"replies":[{"embeddable":true,"href":"https:\/\/todoapulmon-rafaela.com\/index.php\/wp-json\/wp\/v2\/comments?post=45774"}],"version-history":[{"count":3,"href":"https:\/\/todoapulmon-rafaela.com\/index.php\/wp-json\/wp\/v2\/posts\/45774\/revisions"}],"predecessor-version":[{"id":45778,"href":"https:\/\/todoapulmon-rafaela.com\/index.php\/wp-json\/wp\/v2\/posts\/45774\/revisions\/45778"}],"wp:featuredmedia":[{"embeddable":true,"href":"https:\/\/todoapulmon-rafaela.com\/index.php\/wp-json\/wp\/v2\/media\/45776"}],"wp:attachment":[{"href":"https:\/\/todoapulmon-rafaela.com\/index.php\/wp-json\/wp\/v2\/media?parent=45774"}],"wp:term":[{"taxonomy":"category","embeddable":true,"href":"https:\/\/todoapulmon-rafaela.com\/index.php\/wp-json\/wp\/v2\/categories?post=45774"},{"taxonomy":"post_tag","embeddable":true,"href":"https:\/\/todoapulmon-rafaela.com\/index.php\/wp-json\/wp\/v2\/tags?post=45774"}],"curies":[{"name":"wp","href":"https:\/\/api.w.org\/{rel}","templated":true}]}}