{"id":45724,"date":"2024-01-07T12:43:20","date_gmt":"2024-01-07T12:43:20","guid":{"rendered":"https:\/\/todoapulmon-rafaela.com\/?p=45724"},"modified":"2024-01-07T12:46:29","modified_gmt":"2024-01-07T12:46:29","slug":"atletico-pilar-podria-jugar-en-primera-division-este-ano","status":"publish","type":"post","link":"https:\/\/todoapulmon-rafaela.com\/index.php\/2024\/01\/07\/atletico-pilar-podria-jugar-en-primera-division-este-ano\/","title":{"rendered":"Atl\u00e9tico Pilar podr\u00eda jugar en primera divisi\u00f3n este a\u00f1o"},"content":{"rendered":"<p>El b\u00e1squet del Club Atl\u00e9tico Pilar ya tiene planificada la temporada 2024 que lo tendr\u00e1 afianzando su protagonismo en los torneos de la Asociaci\u00f3n Rafaelina de B\u00e1squetbol.<\/p>\n<p>De acuerdo a lo informado por dirigentes de la disciplina a esta web, Mario Bircher continuar\u00e1 siendo el Coordinador General y se est\u00e1 avanzando en la conformaci\u00f3n del resto del cuerpo t\u00e9cnico. Una de las principales novedades es que se encuentra en an\u00e1lisis la posibilidad de competir durante 2024 en primera divisi\u00f3n, estando ya confirmado que en las Formativas masculinas las categor\u00edas intervinientes ser\u00e1n U13, U15, U17 y U19.<\/p>\n<figure id=\"attachment_45727\" aria-describedby=\"caption-attachment-45727\" style=\"width: 720px\" class=\"wp-caption alignnone\"><img loading=\"lazy\" decoding=\"async\" class=\"size-full wp-image-45727\" src=\"https:\/\/todoapulmon-rafaela.com\/wp-content\/uploads\/2024\/01\/Screenshot_20240107-093914_Instagram.jpg\" alt=\"\" width=\"720\" height=\"617\" srcset=\"https:\/\/todoapulmon-rafaela.com\/wp-content\/uploads\/2024\/01\/Screenshot_20240107-093914_Instagram.jpg 720w, https:\/\/todoapulmon-rafaela.com\/wp-content\/uploads\/2024\/01\/Screenshot_20240107-093914_Instagram-300x257.jpg 300w\" sizes=\"(max-width: 720px) 100vw, 720px\" \/><figcaption id=\"caption-attachment-45727\" class=\"wp-caption-text\">Femenino U14 durante 2023.<\/figcaption><\/figure>\n<p>En el Femenino, tambi\u00e9n se encuentra en estudio la factibilidad de jugar en primera divisi\u00f3n, adem\u00e1s de presentar las Formativas U13, U15 y U17.<\/p>\n<p>Sin dudas esto marca el importante y sostenido crecimiento que tuvo dicho deporte en la mencionada instituci\u00f3n, ya que comenz\u00f3 a competir en la ARB a comienzos de 2022, y dos a\u00f1os despu\u00e9s pr\u00e1cticamente completar\u00eda la grilla de categor\u00edas.<\/p>\n<p>El comienzo de la pretemporada est\u00e1 previsto para el 15 de enero, desde U13 a Mayores, mientras que en Escuelita, Premini y Mini ser\u00e1 desde el 5 de febrero.<\/p>\n","protected":false},"excerpt":{"rendered":"<p>El b\u00e1squet del Club Atl\u00e9tico Pilar ya tiene planificada la temporada 2024 que lo tendr\u00e1 afianzando su protagonismo en los<\/p>\n","protected":false},"author":2,"featured_media":45728,"comment_status":"closed","ping_status":"closed","sticky":false,"template":"","format":"standard","meta":{"footnotes":""},"categories":[5,24],"tags":[],"class_list":["post-45724","post","type-post","status-publish","format-standard","has-post-thumbnail","hentry","category-basquet","category-noticias-destacadas"],"cc_featured_image_caption":{"caption_text":"El equipo U15 de Pilar en 2023.","source_text":"","source_url":""},"_links":{"self":[{"href":"https:\/\/todoapulmon-rafaela.com\/index.php\/wp-json\/wp\/v2\/posts\/45724"}],"collection":[{"href":"https:\/\/todoapulmon-rafaela.com\/index.php\/wp-json\/wp\/v2\/posts"}],"about":[{"href":"https:\/\/todoapulmon-rafaela.com\/index.php\/wp-json\/wp\/v2\/types\/post"}],"author":[{"embeddable":true,"href":"https:\/\/todoapulmon-rafaela.com\/index.php\/wp-json\/wp\/v2\/users\/2"}],"replies":[{"embeddable":true,"href":"https:\/\/todoapulmon-rafaela.com\/index.php\/wp-json\/wp\/v2\/comments?post=45724"}],"version-history":[{"count":4,"href":"https:\/\/todoapulmon-rafaela.com\/index.php\/wp-json\/wp\/v2\/posts\/45724\/revisions"}],"predecessor-version":[{"id":45730,"href":"https:\/\/todoapulmon-rafaela.com\/index.php\/wp-json\/wp\/v2\/posts\/45724\/revisions\/45730"}],"wp:featuredmedia":[{"embeddable":true,"href":"https:\/\/todoapulmon-rafaela.com\/index.php\/wp-json\/wp\/v2\/media\/45728"}],"wp:attachment":[{"href":"https:\/\/todoapulmon-rafaela.com\/index.php\/wp-json\/wp\/v2\/media?parent=45724"}],"wp:term":[{"taxonomy":"category","embeddable":true,"href":"https:\/\/todoapulmon-rafaela.com\/index.php\/wp-json\/wp\/v2\/categories?post=45724"},{"taxonomy":"post_tag","embeddable":true,"href":"https:\/\/todoapulmon-rafaela.com\/index.php\/wp-json\/wp\/v2\/tags?post=45724"}],"curies":[{"name":"wp","href":"https:\/\/api.w.org\/{rel}","templated":true}]}}