{"id":45686,"date":"2024-01-03T12:04:11","date_gmt":"2024-01-03T12:04:11","guid":{"rendered":"https:\/\/todoapulmon-rafaela.com\/?p=45686"},"modified":"2024-01-03T12:08:03","modified_gmt":"2024-01-03T12:08:03","slug":"la-cada-confirmo-el-calendario-2024","status":"publish","type":"post","link":"https:\/\/todoapulmon-rafaela.com\/index.php\/2024\/01\/03\/la-cada-confirmo-el-calendario-2024\/","title":{"rendered":"La CADA confirm\u00f3 el calendario 2024"},"content":{"rendered":"<p>En el inicio del nuevo a\u00f1o, la CADA dio a conocer el calendario con fechas y sedes para campeonatos argentinos y Copas Nacionales para las distintas categor\u00edas, ensamblados con las distintas competencias internacionales que se realizar\u00e1n en 2024.<\/p>\n<p>Este a\u00f1o el Nacional de Mayores se realizar\u00e1 en Mar del Plata, entre el 12 y 14 de abril, mientras que el de la categor\u00eda U20 ser\u00e1 en Buenos Aires los d\u00edas 8 y 9 de junio.<\/p>\n<p>Por otra parte, el Nacional U23 se disputar\u00e1 en agosto, los d\u00edas 24 y 25 en San Luis. Respecto a los U18, tendr\u00e1n su campeonato argentino del 27 al 29 de septiembre en Concepci\u00f3n del Uruguay.<\/p>\n<p>Finalmente, entre el 1 y 3 de noviembre est\u00e1 previsto el Nacional U16 en Santa Rosa, La Pampa.<\/p>\n<p>A nivel internacional, en mayo (10 al 12) se desarrollar\u00e1 el Iberoamericano de Mayores en Cuiab\u00e1 (Brasil), mientras que del 19 al 21 de julio ser\u00e1 el Sudamericano U20 en Lima. En la capital peruana tambi\u00e9n est\u00e1 previsto este a\u00f1o el Mundial de esa categor\u00eda, del 26 al 31 de agosto.<\/p>\n<p>La categor\u00eda U18 tambi\u00e9n tendr\u00e1 Sudamericano, del 25 al 27 de octubre, en Quito (Ecuador).<\/p>\n<p><img loading=\"lazy\" decoding=\"async\" class=\"alignnone size-full wp-image-45692\" src=\"https:\/\/todoapulmon-rafaela.com\/wp-content\/uploads\/2024\/01\/Screenshot_20240103-084847_Samsung-Notes-1.jpg\" alt=\"\" width=\"720\" height=\"1302\" srcset=\"https:\/\/todoapulmon-rafaela.com\/wp-content\/uploads\/2024\/01\/Screenshot_20240103-084847_Samsung-Notes-1.jpg 720w, https:\/\/todoapulmon-rafaela.com\/wp-content\/uploads\/2024\/01\/Screenshot_20240103-084847_Samsung-Notes-1-166x300.jpg 166w\" sizes=\"(max-width: 720px) 100vw, 720px\" \/><\/p>\n<p>&nbsp;<\/p>\n<p>&nbsp;<\/p>\n","protected":false},"excerpt":{"rendered":"<p>En el inicio del nuevo a\u00f1o, la CADA dio a conocer el calendario con fechas y sedes para campeonatos argentinos<\/p>\n","protected":false},"author":2,"featured_media":45688,"comment_status":"closed","ping_status":"closed","sticky":false,"template":"","format":"standard","meta":{"footnotes":""},"categories":[7,24],"tags":[],"class_list":["post-45686","post","type-post","status-publish","format-standard","has-post-thumbnail","hentry","category-atletismo","category-noticias-destacadas"],"cc_featured_image_caption":{"caption_text":"El Nacional de Mayores se realizar\u00e1 en Mar del Plata.","source_text":"","source_url":""},"_links":{"self":[{"href":"https:\/\/todoapulmon-rafaela.com\/index.php\/wp-json\/wp\/v2\/posts\/45686"}],"collection":[{"href":"https:\/\/todoapulmon-rafaela.com\/index.php\/wp-json\/wp\/v2\/posts"}],"about":[{"href":"https:\/\/todoapulmon-rafaela.com\/index.php\/wp-json\/wp\/v2\/types\/post"}],"author":[{"embeddable":true,"href":"https:\/\/todoapulmon-rafaela.com\/index.php\/wp-json\/wp\/v2\/users\/2"}],"replies":[{"embeddable":true,"href":"https:\/\/todoapulmon-rafaela.com\/index.php\/wp-json\/wp\/v2\/comments?post=45686"}],"version-history":[{"count":4,"href":"https:\/\/todoapulmon-rafaela.com\/index.php\/wp-json\/wp\/v2\/posts\/45686\/revisions"}],"predecessor-version":[{"id":45693,"href":"https:\/\/todoapulmon-rafaela.com\/index.php\/wp-json\/wp\/v2\/posts\/45686\/revisions\/45693"}],"wp:featuredmedia":[{"embeddable":true,"href":"https:\/\/todoapulmon-rafaela.com\/index.php\/wp-json\/wp\/v2\/media\/45688"}],"wp:attachment":[{"href":"https:\/\/todoapulmon-rafaela.com\/index.php\/wp-json\/wp\/v2\/media?parent=45686"}],"wp:term":[{"taxonomy":"category","embeddable":true,"href":"https:\/\/todoapulmon-rafaela.com\/index.php\/wp-json\/wp\/v2\/categories?post=45686"},{"taxonomy":"post_tag","embeddable":true,"href":"https:\/\/todoapulmon-rafaela.com\/index.php\/wp-json\/wp\/v2\/tags?post=45686"}],"curies":[{"name":"wp","href":"https:\/\/api.w.org\/{rel}","templated":true}]}}