{"id":45683,"date":"2024-01-02T17:20:23","date_gmt":"2024-01-02T17:20:23","guid":{"rendered":"https:\/\/todoapulmon-rafaela.com\/?p=45683"},"modified":"2024-01-02T17:23:17","modified_gmt":"2024-01-02T17:23:17","slug":"pampas-dio-su-plantel-2024","status":"publish","type":"post","link":"https:\/\/todoapulmon-rafaela.com\/index.php\/2024\/01\/02\/pampas-dio-su-plantel-2024\/","title":{"rendered":"Pampas dio su plantel 2024"},"content":{"rendered":"<p>Este martes Pampas anunci\u00f3 su plantel para lo que ser\u00e1 la temporada 2024 del <strong><a href=\"https:\/\/www.espn.com.ar\/rugby\/nota\/_\/id\/12901749\/%C2%A1el-super-rugby-americas-volvera-en-febrero-2024!\" target=\"_blank\" rel=\"noopener\">S\u00faper Rugby Am\u00e9ricas<\/a><\/strong>, la cual comenzar\u00e1 el viernes 16 de febrero.<\/p>\n<p>Con novedades, el equipo dirigido por el nuevo Head Coach Juan Manuel Leguizam\u00f3n confirm\u00f3 a sus jugadores para el torneo.<\/p>\n<p>En el campeonato,\u00a0<strong>Pampas<\/strong>\u00a0debutar\u00e1 el s\u00e1bado 17 de febrero ante Yacare XV, en Asunci\u00f3n. El primer encuentro en condici\u00f3n de local ser\u00e1 el viernes 23 de febrero frente a American Raptors. Cabe recordar que la segunda rueda de la etapa regular comenzar\u00e1 el viernes 12 de abril, y la final del certamen est\u00e1 programada para el viernes 14 de junio.<\/p>\n<p>Cabe mencionar qu hay un total de 23 jugadores que<strong>\u00a0no seguir\u00e1n\u00a0<\/strong>en comparaci\u00f3n a la \u00faltima edici\u00f3n, entre ellos el rafaelino Lorenzo Colidio. Lo.mismo que Manuel Alfaro, Felipe Bares, Franco Carrera, Santiago Castro, Felipe de la Vega, I\u00f1aki Delguy, Tom\u00e1s Di Biase, Benjam\u00edn Grondona, Rafael Iriarte, Joaqu\u00edn Lamas, Juan Ignacio Land\u00f3, Federico Lavanini, Ignacio Lucero, Valentino Minoyetti, Mateo Pannochia, Tom\u00e1s Passaro, Rodrigo P\u00e9rez Boulan, Miguel Prince, Santiago Ruiz, Tom\u00e1s Su\u00e1rez Folch, Jer\u00f3nimo Ureta, Mart\u00edn Villar.<\/p>\n<p><em><strong>El plantel de Pampas para el S\u00faper Rugby Am\u00e9ricas 2024:<\/strong><\/em><\/p>\n<p>1. Mateo Albanese<br \/>\n2. Tom\u00e1s Bernasconi<br \/>\n3. Manuel Bernstein<br \/>\n4. Ignacio Bottazzini<br \/>\n5. Estanislao Carullo<br \/>\n6. Juan Pablo Castro<br \/>\n7. Eliseo Chiavassa<br \/>\n8. Javier Coronel<br \/>\n9. Javier Corval\u00e1n<br \/>\n10. Nicol\u00e1s D&#8217;amorim<br \/>\n11. Joaqu\u00edn de la Vega Mend\u00eda<br \/>\n12. Marcos Eli\u00e7agaray<br \/>\n13. Benjam\u00edn Elizalde<br \/>\n14. Rodrigo Fern\u00e1ndez Criado<br \/>\n15. Eliseo Fourcade<br \/>\n16. Ramiro Gurovich<br \/>\n17. Bruno Heit<br \/>\n18. Ignacio Inchauspe<br \/>\n19. Bernab\u00e9 L\u00f3pez Fleming<br \/>\n20. Mateo Lorenzo<br \/>\n21. Mat\u00edas Medrano<br \/>\n22. Santiago Montagner<br \/>\n23. Eliseo Morales<br \/>\n24. Joaqu\u00edn Moro<br \/>\n25. Manuel Nogu\u00e9s<br \/>\n26. Santiago Pernas<br \/>\n27. Justo Piccardo<br \/>\n28. Marcelo Toledo<br \/>\n29. Jer\u00f3nimo Ulloa<br \/>\n30. Renzo Zanella.<\/p>\n<p>&nbsp;<\/p>\n","protected":false},"excerpt":{"rendered":"<p>Este martes Pampas anunci\u00f3 su plantel para lo que ser\u00e1 la temporada 2024 del S\u00faper Rugby Am\u00e9ricas, la cual comenzar\u00e1<\/p>\n","protected":false},"author":2,"featured_media":40063,"comment_status":"closed","ping_status":"closed","sticky":false,"template":"","format":"standard","meta":{"footnotes":""},"categories":[24,2],"tags":[],"class_list":["post-45683","post","type-post","status-publish","format-standard","has-post-thumbnail","hentry","category-noticias-destacadas","category-rugby"],"cc_featured_image_caption":{"caption_text":"","source_text":"","source_url":""},"_links":{"self":[{"href":"https:\/\/todoapulmon-rafaela.com\/index.php\/wp-json\/wp\/v2\/posts\/45683"}],"collection":[{"href":"https:\/\/todoapulmon-rafaela.com\/index.php\/wp-json\/wp\/v2\/posts"}],"about":[{"href":"https:\/\/todoapulmon-rafaela.com\/index.php\/wp-json\/wp\/v2\/types\/post"}],"author":[{"embeddable":true,"href":"https:\/\/todoapulmon-rafaela.com\/index.php\/wp-json\/wp\/v2\/users\/2"}],"replies":[{"embeddable":true,"href":"https:\/\/todoapulmon-rafaela.com\/index.php\/wp-json\/wp\/v2\/comments?post=45683"}],"version-history":[{"count":2,"href":"https:\/\/todoapulmon-rafaela.com\/index.php\/wp-json\/wp\/v2\/posts\/45683\/revisions"}],"predecessor-version":[{"id":45685,"href":"https:\/\/todoapulmon-rafaela.com\/index.php\/wp-json\/wp\/v2\/posts\/45683\/revisions\/45685"}],"wp:featuredmedia":[{"embeddable":true,"href":"https:\/\/todoapulmon-rafaela.com\/index.php\/wp-json\/wp\/v2\/media\/40063"}],"wp:attachment":[{"href":"https:\/\/todoapulmon-rafaela.com\/index.php\/wp-json\/wp\/v2\/media?parent=45683"}],"wp:term":[{"taxonomy":"category","embeddable":true,"href":"https:\/\/todoapulmon-rafaela.com\/index.php\/wp-json\/wp\/v2\/categories?post=45683"},{"taxonomy":"post_tag","embeddable":true,"href":"https:\/\/todoapulmon-rafaela.com\/index.php\/wp-json\/wp\/v2\/tags?post=45683"}],"curies":[{"name":"wp","href":"https:\/\/api.w.org\/{rel}","templated":true}]}}