{"id":45548,"date":"2023-12-18T21:44:33","date_gmt":"2023-12-18T21:44:33","guid":{"rendered":"https:\/\/todoapulmon-rafaela.com\/?p=45548"},"modified":"2023-12-18T21:46:17","modified_gmt":"2023-12-18T21:46:17","slug":"aclaraciones-y-precisiones-de-la-arb-sobre-la-situacion-con-cab","status":"publish","type":"post","link":"https:\/\/todoapulmon-rafaela.com\/index.php\/2023\/12\/18\/aclaraciones-y-precisiones-de-la-arb-sobre-la-situacion-con-cab\/","title":{"rendered":"Aclaraciones y precisiones de la ARB sobre la situaci\u00f3n con CAB"},"content":{"rendered":"<p>La Asociaci\u00f3n Rafaelina de B\u00e1squetbol envi\u00f3 un comunicado de prensa sobre la situaci\u00f3n actual en el controvertido tema de la relaci\u00f3n entre la Federaci\u00f3n Santafesina y la Confederaci\u00f3n Argentina de B\u00e1squetbol, que recordemos desde comienzos de 2021 expuls\u00f3 a la FS, pero que ya desde hace un tiempo tuvo un rev\u00e9s en la Inspecci\u00f3n General de Justicia que la oblig\u00f3 a reincorporarla.<\/p>\n<p>En la reuni\u00f3n de Comisi\u00f3n Directiva del s\u00e1bado de la Federaci\u00f3n, hubo algunas novedades. Primero y principal, si bien esto no es una novedad, la Federaci\u00f3n ya pertenece a CAB. Primero porque as\u00ed lo dispuso la justicia en tres oportunidades y segundo, porque la sanci\u00f3n impuesta injustificadamente por CAB en abril por 180 d\u00edas, caduc\u00f3.<br \/>\nAl no haber pronunciamientos en p\u00fablico por parte de CAB referentes a la \u00faltima resoluci\u00f3n de IGJ de la Naci\u00f3n, Federaci\u00f3n en los pr\u00f3ximos d\u00edas va a llevar adelante algunas acciones: Se llamar\u00e1 a conferencia de prensa y se har\u00e1 una campa\u00f1a publicitaria, para dar a conocer la actualidad de la situaci\u00f3n.<br \/>\nSe solicitar\u00e1 por nota a CAB el env\u00edo de claves a cada club, para que puedan desde inicios de enero registrar la totalidad de sus jugadores en el Sistema de Registraci\u00f3n Digital (SIDERI).<\/p>\n<p>\u00abA su vez estamos en condiciones de confirmar, que el b\u00e1squet de Santa Fe vuelve a las categor\u00edas impares a partir de 2024, las oficiales ser\u00e1n las que establezca CAB.\u00a0Como Asociaci\u00f3n estamos tan interesados como los clubes y dem\u00e1s actores en que esta situaci\u00f3n se normalice, pero por la v\u00eda correspondiente. No est\u00e1 contemplado en el estatuto de CAB la adhesi\u00f3n directa de asociaciones, sino s\u00f3lo a trav\u00e9s de sus respectivas federaciones. Ning\u00fan club en la pr\u00e1ctica se ver\u00e1 impedido de participar en torneos CAB, como tampoco le prohibir\u00e1n desde CAB la participaci\u00f3n en competencias federativas. Ejemplos sobran, por nombrar s\u00f3lo uno: club Provincial de Rosario\u00bb, se inform\u00f3 en el comunicado.<br \/>\nPor \u00faltimo, se especific\u00f3 que \u00abfinalmente, mencionamos que la ARB no organiza ni fomenta la participaci\u00f3n en reuniones con colaboradores de CAB en la zona. Nuestra posici\u00f3n es la de lograr el reconocimiento de CAB a lo dispuesto por la justicia provincial y nacional, a trav\u00e9s de nuestra Federaci\u00f3n. Por ello instamos a reflexionar, aunar esfuerzos y a luchar conjuntamente por nuestra Federaci\u00f3n de Santa Fe, no dando lugar a quienes pretenden desmembrar la misma.\u00bb.<\/p>\n","protected":false},"excerpt":{"rendered":"<p>La Asociaci\u00f3n Rafaelina de B\u00e1squetbol envi\u00f3 un comunicado de prensa sobre la situaci\u00f3n actual en el controvertido tema de la<\/p>\n","protected":false},"author":2,"featured_media":45549,"comment_status":"closed","ping_status":"closed","sticky":false,"template":"","format":"standard","meta":{"footnotes":""},"categories":[5,24],"tags":[],"class_list":["post-45548","post","type-post","status-publish","format-standard","has-post-thumbnail","hentry","category-basquet","category-noticias-destacadas"],"cc_featured_image_caption":{"caption_text":"","source_text":"","source_url":""},"_links":{"self":[{"href":"https:\/\/todoapulmon-rafaela.com\/index.php\/wp-json\/wp\/v2\/posts\/45548"}],"collection":[{"href":"https:\/\/todoapulmon-rafaela.com\/index.php\/wp-json\/wp\/v2\/posts"}],"about":[{"href":"https:\/\/todoapulmon-rafaela.com\/index.php\/wp-json\/wp\/v2\/types\/post"}],"author":[{"embeddable":true,"href":"https:\/\/todoapulmon-rafaela.com\/index.php\/wp-json\/wp\/v2\/users\/2"}],"replies":[{"embeddable":true,"href":"https:\/\/todoapulmon-rafaela.com\/index.php\/wp-json\/wp\/v2\/comments?post=45548"}],"version-history":[{"count":2,"href":"https:\/\/todoapulmon-rafaela.com\/index.php\/wp-json\/wp\/v2\/posts\/45548\/revisions"}],"predecessor-version":[{"id":45552,"href":"https:\/\/todoapulmon-rafaela.com\/index.php\/wp-json\/wp\/v2\/posts\/45548\/revisions\/45552"}],"wp:featuredmedia":[{"embeddable":true,"href":"https:\/\/todoapulmon-rafaela.com\/index.php\/wp-json\/wp\/v2\/media\/45549"}],"wp:attachment":[{"href":"https:\/\/todoapulmon-rafaela.com\/index.php\/wp-json\/wp\/v2\/media?parent=45548"}],"wp:term":[{"taxonomy":"category","embeddable":true,"href":"https:\/\/todoapulmon-rafaela.com\/index.php\/wp-json\/wp\/v2\/categories?post=45548"},{"taxonomy":"post_tag","embeddable":true,"href":"https:\/\/todoapulmon-rafaela.com\/index.php\/wp-json\/wp\/v2\/tags?post=45548"}],"curies":[{"name":"wp","href":"https:\/\/api.w.org\/{rel}","templated":true}]}}