{"id":45274,"date":"2023-12-04T12:33:25","date_gmt":"2023-12-04T12:33:25","guid":{"rendered":"https:\/\/todoapulmon-rafaela.com\/?p=45274"},"modified":"2023-12-04T12:33:25","modified_gmt":"2023-12-04T12:33:25","slug":"romitelli-se-impuso-en-casa","status":"publish","type":"post","link":"https:\/\/todoapulmon-rafaela.com\/index.php\/2023\/12\/04\/romitelli-se-impuso-en-casa\/","title":{"rendered":"Romitelli se impuso en casa"},"content":{"rendered":"<p>El Tiro Federal Argentino de Rafaela fue escenario el s\u00e1bado del torneo Coronaci\u00f3n del Federal de Tiro Pr\u00e1ctico, novena fecha del calendario nacional, que cont\u00f3 con la presencia de unos 130 tiradores de distintos clubes de todo el pa\u00eds.<\/p>\n<p>El rafaelino Germ\u00e1n Romitelli fue una vez m\u00e1s vencedor en la categor\u00eda Producci\u00f3n, la m\u00e1s numerosa.<\/p>\n<p>1 100,00 1099,4748 40 ROMITELLI, German ARG<br \/>\n2 82,29 904,7236 42 SERRANO, Fernando ARG<br \/>\n3 75,54 830,5906 18 MALDONADO, Rodrigo ARG<br \/>\n4 75,16 826,4058 44 RINALDI, Maximiliano ARG<br \/>\n5 71,27 783,5670 47 FRATTINI, Raul Pablo S ARG<br \/>\n6 70,48 774,8571 43 GARDELLA, Andres ARG<br \/>\n7 70,41 774,1718 41 BORGES, WALTER S ARG<br \/>\n8 69,89 768,3795 31 LANZILOTTA, Julio Dario S ARG<br \/>\n9 67,68 744,1673 48 ASSUM, Jose ARG<br \/>\n10 66,85 734,9714 50 VATTUONE, Juan Pablo ARG.<\/p>\n<div style=\"width: 800px;\" class=\"wp-video\"><!--[if lt IE 9]><script>document.createElement('video');<\/script><![endif]-->\n<video class=\"wp-video-shortcode\" id=\"video-45274-1\" width=\"800\" height=\"450\" preload=\"metadata\" controls=\"controls\"><source type=\"video\/mp4\" src=\"https:\/\/todoapulmon-rafaela.com\/wp-content\/uploads\/2023\/12\/20231202_1041291.mp4?_=1\" \/><a href=\"https:\/\/todoapulmon-rafaela.com\/wp-content\/uploads\/2023\/12\/20231202_1041291.mp4\">https:\/\/todoapulmon-rafaela.com\/wp-content\/uploads\/2023\/12\/20231202_1041291.mp4<\/a><\/video><\/div>\n","protected":false},"excerpt":{"rendered":"<p>El Tiro Federal Argentino de Rafaela fue escenario el s\u00e1bado del torneo Coronaci\u00f3n del Federal de Tiro Pr\u00e1ctico, novena fecha<\/p>\n","protected":false},"author":2,"featured_media":45275,"comment_status":"closed","ping_status":"closed","sticky":false,"template":"","format":"standard","meta":{"footnotes":""},"categories":[24,19],"tags":[],"class_list":["post-45274","post","type-post","status-publish","format-standard","has-post-thumbnail","hentry","category-noticias-destacadas","category-tiro"],"cc_featured_image_caption":{"caption_text":"","source_text":"","source_url":""},"_links":{"self":[{"href":"https:\/\/todoapulmon-rafaela.com\/index.php\/wp-json\/wp\/v2\/posts\/45274"}],"collection":[{"href":"https:\/\/todoapulmon-rafaela.com\/index.php\/wp-json\/wp\/v2\/posts"}],"about":[{"href":"https:\/\/todoapulmon-rafaela.com\/index.php\/wp-json\/wp\/v2\/types\/post"}],"author":[{"embeddable":true,"href":"https:\/\/todoapulmon-rafaela.com\/index.php\/wp-json\/wp\/v2\/users\/2"}],"replies":[{"embeddable":true,"href":"https:\/\/todoapulmon-rafaela.com\/index.php\/wp-json\/wp\/v2\/comments?post=45274"}],"version-history":[{"count":1,"href":"https:\/\/todoapulmon-rafaela.com\/index.php\/wp-json\/wp\/v2\/posts\/45274\/revisions"}],"predecessor-version":[{"id":45277,"href":"https:\/\/todoapulmon-rafaela.com\/index.php\/wp-json\/wp\/v2\/posts\/45274\/revisions\/45277"}],"wp:featuredmedia":[{"embeddable":true,"href":"https:\/\/todoapulmon-rafaela.com\/index.php\/wp-json\/wp\/v2\/media\/45275"}],"wp:attachment":[{"href":"https:\/\/todoapulmon-rafaela.com\/index.php\/wp-json\/wp\/v2\/media?parent=45274"}],"wp:term":[{"taxonomy":"category","embeddable":true,"href":"https:\/\/todoapulmon-rafaela.com\/index.php\/wp-json\/wp\/v2\/categories?post=45274"},{"taxonomy":"post_tag","embeddable":true,"href":"https:\/\/todoapulmon-rafaela.com\/index.php\/wp-json\/wp\/v2\/tags?post=45274"}],"curies":[{"name":"wp","href":"https:\/\/api.w.org\/{rel}","templated":true}]}}