{"id":44909,"date":"2023-11-18T02:24:01","date_gmt":"2023-11-18T02:24:01","guid":{"rendered":"https:\/\/todoapulmon-rafaela.com\/?p=44909"},"modified":"2023-11-18T02:24:01","modified_gmt":"2023-11-18T02:24:01","slug":"emiliano-montagna-fue-elegido-presidente-de-9-de-julio","status":"publish","type":"post","link":"https:\/\/todoapulmon-rafaela.com\/index.php\/2023\/11\/18\/emiliano-montagna-fue-elegido-presidente-de-9-de-julio\/","title":{"rendered":"Emiliano Montagna fue elegido presidente de 9 de Julio"},"content":{"rendered":"<p>Este viernes se realiz\u00f3 la Asamblea General Ordinaria del Club 9 de Julio en la cual\u00a0se aprob\u00f3 la memoria y el balance 2022-2023, y como otro hecho saliente se realiz\u00f3 la presentaci\u00f3n de la nueva comisi\u00f3n directiva.<br \/>\nLa renovaci\u00f3n de autoridades se da tras la finalizaci\u00f3n del mandato de Hugo Morel como presidente, quien a partir del 10 de diciembre ser\u00e1 el nuevo Subsecretario de Deportes de la Municipalidad de Rafaela. Quien le suceder\u00e1 al frente de la entidad juliense es Emiliano Montagna.<\/p>\n<p><img loading=\"lazy\" decoding=\"async\" class=\"alignnone size-full wp-image-44911\" src=\"https:\/\/todoapulmon-rafaela.com\/wp-content\/uploads\/2023\/11\/Montagna.jpg\" alt=\"\" width=\"1280\" height=\"855\" srcset=\"https:\/\/todoapulmon-rafaela.com\/wp-content\/uploads\/2023\/11\/Montagna.jpg 1280w, https:\/\/todoapulmon-rafaela.com\/wp-content\/uploads\/2023\/11\/Montagna-300x200.jpg 300w\" sizes=\"(max-width: 1280px) 100vw, 1280px\" \/><br \/>\nLa conformaci\u00f3n de la nueva conducci\u00f3n es la siguiente: presidente, Emiliano Montgna.<br \/>\nVicepresidentes: primero, Gustavo Foglia y segundo, Marcelo Andretich.<br \/>\nSecretario: Nicol\u00e1s Olivero. Secretario de Actas: Daniel Galfr\u00e9. Pro-secretario: Walter Gunzinger.<br \/>\nTesorero: Lucas Astrada. Pro-tesorero: Fabi\u00e1n Marengo.<br \/>\nVocales titulares: Juan Jos\u00e9 Peretti, Natalia Francia, Santiago Andretich, Cristian Sosa y Daniel Iturria.<br \/>\nVocales suplentes: Sergio Sara, Gast\u00f3n Astesano, Diego Lufiego y Alexis Berardi.<\/p>\n","protected":false},"excerpt":{"rendered":"<p>Este viernes se realiz\u00f3 la Asamblea General Ordinaria del Club 9 de Julio en la cual\u00a0se aprob\u00f3 la memoria y<\/p>\n","protected":false},"author":2,"featured_media":44910,"comment_status":"closed","ping_status":"closed","sticky":false,"template":"","format":"standard","meta":{"footnotes":""},"categories":[24],"tags":[],"class_list":["post-44909","post","type-post","status-publish","format-standard","has-post-thumbnail","hentry","category-noticias-destacadas"],"cc_featured_image_caption":{"caption_text":"FOTOS PRENSA 9 DE JULIO","source_text":"","source_url":""},"_links":{"self":[{"href":"https:\/\/todoapulmon-rafaela.com\/index.php\/wp-json\/wp\/v2\/posts\/44909"}],"collection":[{"href":"https:\/\/todoapulmon-rafaela.com\/index.php\/wp-json\/wp\/v2\/posts"}],"about":[{"href":"https:\/\/todoapulmon-rafaela.com\/index.php\/wp-json\/wp\/v2\/types\/post"}],"author":[{"embeddable":true,"href":"https:\/\/todoapulmon-rafaela.com\/index.php\/wp-json\/wp\/v2\/users\/2"}],"replies":[{"embeddable":true,"href":"https:\/\/todoapulmon-rafaela.com\/index.php\/wp-json\/wp\/v2\/comments?post=44909"}],"version-history":[{"count":1,"href":"https:\/\/todoapulmon-rafaela.com\/index.php\/wp-json\/wp\/v2\/posts\/44909\/revisions"}],"predecessor-version":[{"id":44912,"href":"https:\/\/todoapulmon-rafaela.com\/index.php\/wp-json\/wp\/v2\/posts\/44909\/revisions\/44912"}],"wp:featuredmedia":[{"embeddable":true,"href":"https:\/\/todoapulmon-rafaela.com\/index.php\/wp-json\/wp\/v2\/media\/44910"}],"wp:attachment":[{"href":"https:\/\/todoapulmon-rafaela.com\/index.php\/wp-json\/wp\/v2\/media?parent=44909"}],"wp:term":[{"taxonomy":"category","embeddable":true,"href":"https:\/\/todoapulmon-rafaela.com\/index.php\/wp-json\/wp\/v2\/categories?post=44909"},{"taxonomy":"post_tag","embeddable":true,"href":"https:\/\/todoapulmon-rafaela.com\/index.php\/wp-json\/wp\/v2\/tags?post=44909"}],"curies":[{"name":"wp","href":"https:\/\/api.w.org\/{rel}","templated":true}]}}