{"id":44846,"date":"2023-11-15T21:33:57","date_gmt":"2023-11-15T21:33:57","guid":{"rendered":"https:\/\/todoapulmon-rafaela.com\/?p=44846"},"modified":"2023-11-15T21:42:21","modified_gmt":"2023-11-15T21:42:21","slug":"cerramos-el-ano-de-una-manera-increible","status":"publish","type":"post","link":"https:\/\/todoapulmon-rafaela.com\/index.php\/2023\/11\/15\/cerramos-el-ano-de-una-manera-increible\/","title":{"rendered":"\u00abCerramos el a\u00f1o de una manera incre\u00edble\u00bb"},"content":{"rendered":"<p><strong>(Por Dar\u00edo Guti\u00e9rrez).-<\/strong> Noviembre fue para Tom\u00e1s Mondino el \u00faltimo mes competitivo del a\u00f1o y sin dudas que inolvidable, con la obtenci\u00f3n de la medalla de bronce en los Juegos Panamericanos de Santiago de Chile a trav\u00e9s de la posta 4&#215;100, y recientemente el triunfo en los 100 metros con muy buen registro en el Grand Prix de Asunci\u00f3n del Paraguay.<\/p>\n<p>Con 18 a\u00f1os, el velocista rafaelino tuvo la gran satisfacci\u00f3n de ser protagonista y medallista de un Juego Panamericano de mayores, que l\u00f3gicamente le gener\u00f3 una gran satisfacci\u00f3n. \u00ab<strong>La verdad que cerramos el a\u00f1o de una manera incre\u00edble, contento con la medalla de bronce lograda para Argentina y luego de la competencia del fin de semana en Paraguay. Para m\u00ed fue importante lo conseguido en los Juegos Panamericanos, y tambi\u00e9n como iniciaci\u00f3n para lo que se viene en el atletismo argentino\u00bb<\/strong>, en referencia a la ilusi\u00f3n que genera el Relevo por la juventud de sus integrantes (Franco Florio, Juan Ciampitti y Bautista Diamante fueron sus compa\u00f1eros).<\/p>\n<p>En referencia a los objetivos iniciales en la capital chilena y c\u00f3mo se fue aumentando la expectativa, describi\u00f3 que \u00abla primera instancia era clasificar en la semifinal, ya lo ve\u00edamos eso como un logro, tambi\u00e9n apunt\u00e1bamos al r\u00e9cord argentino que busc\u00e1bamos hace rato y sab\u00edamos que estaba la capacidad para hacerlo. Pero cuando clasificamos cuartos en la semifinal ya \u00edbamos por la medalla a toda costa, ya quedar cuartos era muy significativo para Argentina tomando en cuenta que compet\u00edamos con pa\u00edses muy fuertes como Jamaica, Estados Unidos, Cuba, sobre todo en velocidad. Luego en la final se dio el percance de Estados Unidos y nosotros pudimos llegar terceros, la verdad que cuando lo vi a Franco cruzar la meta no lo pod\u00eda creer\u00bb.<\/p>\n<p><img loading=\"lazy\" decoding=\"async\" class=\"alignnone size-full wp-image-44851\" src=\"https:\/\/todoapulmon-rafaela.com\/wp-content\/uploads\/2023\/11\/Posta-de-bronce-1.jpg\" alt=\"\" width=\"1558\" height=\"1042\" srcset=\"https:\/\/todoapulmon-rafaela.com\/wp-content\/uploads\/2023\/11\/Posta-de-bronce-1.jpg 1558w, https:\/\/todoapulmon-rafaela.com\/wp-content\/uploads\/2023\/11\/Posta-de-bronce-1-300x201.jpg 300w, https:\/\/todoapulmon-rafaela.com\/wp-content\/uploads\/2023\/11\/Posta-de-bronce-1-1536x1027.jpg 1536w\" sizes=\"(max-width: 1558px) 100vw, 1558px\" \/><\/p>\n<p>Si bien las \u00faltimas im\u00e1genes del a\u00f1o lo tuvieron con logros en 100 metros, en general este 2023 fue muy bueno para Tom\u00e1s en 200. En ese sentido coment\u00f3 que \u00abel a\u00f1o pasado quiz\u00e1s fueron mejores marcas en los 100 metros, este a\u00f1o toc\u00f3 en 200 que un poco ven\u00eda dejando de lado, pero por suerte se pudieron dar muy buenos tiempos ya en el inicio de la temporada, luego vinieron los r\u00e9cords nacionales U20 y posteriormente U20 y U23, con lo cual nos metemos en buenas clasificaciones a nivel mundial que me pone muy contento\u00bb.<\/p>\n<p>Con Par\u00eds 2024 ya a la vuelta de la esquina, como ilusi\u00f3n de los deportistas de alto rendimiento de ser protagonistas de esa gran fiesta, Tomy mencion\u00f3 en un panorama individual que \u00absi bien estamos lejos de los Juegos Ol\u00edmpicos, pero cada vez nos vamos acercando m\u00e1s, y ojal\u00e1 algun dia se pueda dar\u00bb.<\/p>\n<p>Pero sin dudas, viendo la evoluci\u00f3n que ha tenido la posta este a\u00f1o, queda una puerta abierta hacia la esperanza. <strong>\u00abActualmente estamos clasificados para el Mundial de Relevos que se har\u00e1 en la primera semana de mayo en Bahamas, donde los 14 mejores relevos de ese torneo clasifican autom\u00e1ticamente a los Juegos Ol\u00edmpicos, asi que vamos a tirar una ficha por ahi a ver si se puede dar\u00bb<\/strong>, explic\u00f3 el atleta rafaelino.<\/p>\n<p>En la parte final de la nota le consultamos sobre c\u00f3mo va planificando el 2024, ya con la certeza que para no estancar su evoluci\u00f3n ante la falta de una pista sint\u00e9tica en Rafaela para entrenar tendr\u00e1 que establecer una nueva \u00abbase de operaciones\u00bb. En ese aspecto nos confirm\u00f3 que <strong>\u00abvoy a estar viviendo en Buenos Aires, aunque en realidad voy a trabajar con un entrenador de Brasil, as\u00ed que voy a estar mas en Brasil que en Argentina, pero siempre est\u00e1 bueno poder hacer cosas ac\u00e1\u00bb<\/strong>. De tal manera, se cerrar\u00e1 la exitosa etapa formativa con pap\u00e1 Ceferino, en un proceso natural en virtud del crecimiento deportivo de Tomy y las ocupaciones de \u00abCefe\u00bb como Concejal en nuestra ciudad.<\/p>\n","protected":false},"excerpt":{"rendered":"<p>(Por Dar\u00edo Guti\u00e9rrez).- Noviembre fue para Tom\u00e1s Mondino el \u00faltimo mes competitivo del a\u00f1o y sin dudas que inolvidable, con<\/p>\n","protected":false},"author":2,"featured_media":44850,"comment_status":"closed","ping_status":"closed","sticky":false,"template":"","format":"standard","meta":{"footnotes":""},"categories":[7,24],"tags":[],"class_list":["post-44846","post","type-post","status-publish","format-standard","has-post-thumbnail","hentry","category-atletismo","category-noticias-destacadas"],"cc_featured_image_caption":{"caption_text":"","source_text":"","source_url":""},"_links":{"self":[{"href":"https:\/\/todoapulmon-rafaela.com\/index.php\/wp-json\/wp\/v2\/posts\/44846"}],"collection":[{"href":"https:\/\/todoapulmon-rafaela.com\/index.php\/wp-json\/wp\/v2\/posts"}],"about":[{"href":"https:\/\/todoapulmon-rafaela.com\/index.php\/wp-json\/wp\/v2\/types\/post"}],"author":[{"embeddable":true,"href":"https:\/\/todoapulmon-rafaela.com\/index.php\/wp-json\/wp\/v2\/users\/2"}],"replies":[{"embeddable":true,"href":"https:\/\/todoapulmon-rafaela.com\/index.php\/wp-json\/wp\/v2\/comments?post=44846"}],"version-history":[{"count":7,"href":"https:\/\/todoapulmon-rafaela.com\/index.php\/wp-json\/wp\/v2\/posts\/44846\/revisions"}],"predecessor-version":[{"id":44855,"href":"https:\/\/todoapulmon-rafaela.com\/index.php\/wp-json\/wp\/v2\/posts\/44846\/revisions\/44855"}],"wp:featuredmedia":[{"embeddable":true,"href":"https:\/\/todoapulmon-rafaela.com\/index.php\/wp-json\/wp\/v2\/media\/44850"}],"wp:attachment":[{"href":"https:\/\/todoapulmon-rafaela.com\/index.php\/wp-json\/wp\/v2\/media?parent=44846"}],"wp:term":[{"taxonomy":"category","embeddable":true,"href":"https:\/\/todoapulmon-rafaela.com\/index.php\/wp-json\/wp\/v2\/categories?post=44846"},{"taxonomy":"post_tag","embeddable":true,"href":"https:\/\/todoapulmon-rafaela.com\/index.php\/wp-json\/wp\/v2\/tags?post=44846"}],"curies":[{"name":"wp","href":"https:\/\/api.w.org\/{rel}","templated":true}]}}