{"id":44692,"date":"2023-11-10T11:54:29","date_gmt":"2023-11-10T11:54:29","guid":{"rendered":"https:\/\/todoapulmon-rafaela.com\/?p=44692"},"modified":"2023-11-10T11:54:29","modified_gmt":"2023-11-10T11:54:29","slug":"este-sabado-llega-plaza-deportiva","status":"publish","type":"post","link":"https:\/\/todoapulmon-rafaela.com\/index.php\/2023\/11\/10\/este-sabado-llega-plaza-deportiva\/","title":{"rendered":"Este s\u00e1bado llega \u201cPlaza Deportiva\u201d"},"content":{"rendered":"<div>Disminuir el sedentarismo y potenciar la pr\u00e1ctica del deporte favorece el desarrollo en la ni\u00f1ez. Por ello, desde el Municipio se trabaja en distintas actividades deportivas y recreativas para los m\u00e1s chicos.<\/div>\n<div><\/div>\n<div>As\u00ed surge \u00abPlaza Deportiva\u00bb, una propuesta de la Municipalidad de Rafaela generada y organizada por la Subsecretar\u00eda de Deportes y Recreaci\u00f3n. La actividad est\u00e1 destinada a chicos y chicas de 5 a 12 a\u00f1os, y tendr\u00e1 lugar el s\u00e1bado 11 de noviembre, de 17:00 a 19:00, en Estanislao del Campo, entre Crucero General Belgrano y Lotufo.<\/div>\n<div><\/div>\n<div>\u00abEste programa consiste en generar una peatonal deportiva con diferentes estaciones que se encuentran a cargo de las instituciones del sector. La idea es promover la actividad de cada una de ellas para que se conozca, promocione y potencie\u201d, cont\u00f3 el subsecretario de Deportes y Recreaci\u00f3n, Ignacio Podio.<\/div>\n<div><\/div>\n<div>En este marco, \u201chabr\u00e1 distintas estaciones deportivas y recreativas por las que podr\u00e1n ir pasando los chicos y chicas\u201d, sum\u00f3.<\/div>\n<div><\/div>\n<div>Cabe destacar que se contar\u00e1 con una estaci\u00f3n especial a cargo de la veterinaria ESOPO, donde se realizar\u00e1 una carrera recreativa y respetuosa de perros. Adem\u00e1s, estar\u00e1 presente el Quir\u00f3fano M\u00f3vil que brindando los servicios de desparasitaci\u00f3n y vacunaci\u00f3n. Recordemos que los perros deben asistir con correa y bozal en caso de ser necesario.<\/div>\n","protected":false},"excerpt":{"rendered":"<p>Disminuir el sedentarismo y potenciar la pr\u00e1ctica del deporte favorece el desarrollo en la ni\u00f1ez. Por ello, desde el Municipio<\/p>\n","protected":false},"author":2,"featured_media":44693,"comment_status":"closed","ping_status":"closed","sticky":false,"template":"","format":"standard","meta":{"footnotes":""},"categories":[24],"tags":[],"class_list":["post-44692","post","type-post","status-publish","format-standard","has-post-thumbnail","hentry","category-noticias-destacadas"],"cc_featured_image_caption":{"caption_text":"FOTO PRENSA MUNICIPALIDAD","source_text":"","source_url":""},"_links":{"self":[{"href":"https:\/\/todoapulmon-rafaela.com\/index.php\/wp-json\/wp\/v2\/posts\/44692"}],"collection":[{"href":"https:\/\/todoapulmon-rafaela.com\/index.php\/wp-json\/wp\/v2\/posts"}],"about":[{"href":"https:\/\/todoapulmon-rafaela.com\/index.php\/wp-json\/wp\/v2\/types\/post"}],"author":[{"embeddable":true,"href":"https:\/\/todoapulmon-rafaela.com\/index.php\/wp-json\/wp\/v2\/users\/2"}],"replies":[{"embeddable":true,"href":"https:\/\/todoapulmon-rafaela.com\/index.php\/wp-json\/wp\/v2\/comments?post=44692"}],"version-history":[{"count":1,"href":"https:\/\/todoapulmon-rafaela.com\/index.php\/wp-json\/wp\/v2\/posts\/44692\/revisions"}],"predecessor-version":[{"id":44694,"href":"https:\/\/todoapulmon-rafaela.com\/index.php\/wp-json\/wp\/v2\/posts\/44692\/revisions\/44694"}],"wp:featuredmedia":[{"embeddable":true,"href":"https:\/\/todoapulmon-rafaela.com\/index.php\/wp-json\/wp\/v2\/media\/44693"}],"wp:attachment":[{"href":"https:\/\/todoapulmon-rafaela.com\/index.php\/wp-json\/wp\/v2\/media?parent=44692"}],"wp:term":[{"taxonomy":"category","embeddable":true,"href":"https:\/\/todoapulmon-rafaela.com\/index.php\/wp-json\/wp\/v2\/categories?post=44692"},{"taxonomy":"post_tag","embeddable":true,"href":"https:\/\/todoapulmon-rafaela.com\/index.php\/wp-json\/wp\/v2\/tags?post=44692"}],"curies":[{"name":"wp","href":"https:\/\/api.w.org\/{rel}","templated":true}]}}