{"id":4469,"date":"2017-02-06T03:42:07","date_gmt":"2017-02-06T03:42:07","guid":{"rendered":"http:\/\/todoapulmon-rafaela.com\/?p=4469"},"modified":"2017-02-06T03:42:07","modified_gmt":"2017-02-06T03:42:07","slug":"lambert-y-reisch-destacados-en-parana","status":"publish","type":"post","link":"https:\/\/todoapulmon-rafaela.com\/index.php\/2017\/02\/06\/lambert-y-reisch-destacados-en-parana\/","title":{"rendered":"Lambert y Reisch destacados en Paran\u00e1"},"content":{"rendered":"<p>Con una nutrida participaci\u00f3n de pedalistas de nuestra ciudad, se desarroll\u00f3 el Memorial Sadi David, tradicional competencia cicl\u00edstica que tuvo su \u00faltima fecha este domingo en la Av. de Circunvalaci\u00f3n de\u00a0Paran\u00e1.<\/p>\n<p>En la categor\u00eda 2003\/04 gan\u00f3 la prueba Ezequiel Reisch en tanto el campeonato qued\u00f3 para Santiago Lambert, mientras que en elite y Sub 23 fue sexto en la carrera Farid Suarez, quien culmin\u00f3 tercero en el torneo. Este es el detalle de la informaci\u00f3n brindada por la ACER:<\/p>\n<p>CATEGOR\u00cdA 2003\/2004:\u00a01) REISCH EZEQUIEL (RAFAELA),\u00a02) LAMBERT SANTIAGO (RAFAELA), &#8230;5)\u00a0<span class=\"text_exposed_show\">\u00a0PERNUZZI MATIAS (RAFAELA).<\/span><\/p>\n<p><span class=\"text_exposed_show\">CATEGOR\u00cdA ELITE-SUB 23-JUNIORS: 1) ROMERO AYRTON (SANTA FE), 2) IBA\u00d1EZ RICARDO (GOYA), 3) DEVORACEC EXEQUIEL (SANTA FE), 4) VIVAS MARIANO (PARANA), 5) CARENA GABRIEL (SANTA FE) y 6)<br \/>\nSU\u00c1REZ FARID (RAFAELA).<\/span><\/p>\n<p>PUNTAJE OFICIAL 9\u00b0 MEMORIAL<\/p>\n<div class=\"text_exposed_show\">\n<p>CATEGOR\u00cdA 2003\/2004: CAMPE\u00d3N: LAMBERT SANTIAGO; SUBCAMPEON: ESPELLETA PALLEYRO.<\/p>\n<p>CATEGOR\u00cdA 2001\/2002\/PROMO: CAMPE\u00d3N: GUTTLEIN FEDERICO, SUBCAMPEON: VALIERO BRUNO; 3) REISCH EZEQUIEL.<\/p>\n<p>CATEGOR\u00cdA ELITE-SUB 23-JUNIORS: CAMPE\u00d3N: SOSA MARIO; SUBCAMPEON: ROMERO AYRTON;<br \/>\n3) SU\u00c1REZ FARID.<\/p>\n<p>&nbsp;<\/p>\n<\/div>\n","protected":false},"excerpt":{"rendered":"<p>Con una nutrida participaci\u00f3n de pedalistas de nuestra ciudad, se desarroll\u00f3 el Memorial Sadi David, tradicional competencia cicl\u00edstica que tuvo<\/p>\n","protected":false},"author":2,"featured_media":4470,"comment_status":"open","ping_status":"open","sticky":false,"template":"","format":"standard","meta":{"footnotes":""},"categories":[4,24],"tags":[],"class_list":["post-4469","post","type-post","status-publish","format-standard","has-post-thumbnail","hentry","category-ciclismo","category-noticias-destacadas"],"cc_featured_image_caption":{"caption_text":"Santiago Lambert y Ezequiel Reisch, como en el mountain bike (foto) mostraron una buena performance la prueba cicl\u00edstica entrerriana.","source_text":"","source_url":""},"_links":{"self":[{"href":"https:\/\/todoapulmon-rafaela.com\/index.php\/wp-json\/wp\/v2\/posts\/4469"}],"collection":[{"href":"https:\/\/todoapulmon-rafaela.com\/index.php\/wp-json\/wp\/v2\/posts"}],"about":[{"href":"https:\/\/todoapulmon-rafaela.com\/index.php\/wp-json\/wp\/v2\/types\/post"}],"author":[{"embeddable":true,"href":"https:\/\/todoapulmon-rafaela.com\/index.php\/wp-json\/wp\/v2\/users\/2"}],"replies":[{"embeddable":true,"href":"https:\/\/todoapulmon-rafaela.com\/index.php\/wp-json\/wp\/v2\/comments?post=4469"}],"version-history":[{"count":1,"href":"https:\/\/todoapulmon-rafaela.com\/index.php\/wp-json\/wp\/v2\/posts\/4469\/revisions"}],"predecessor-version":[{"id":4471,"href":"https:\/\/todoapulmon-rafaela.com\/index.php\/wp-json\/wp\/v2\/posts\/4469\/revisions\/4471"}],"wp:featuredmedia":[{"embeddable":true,"href":"https:\/\/todoapulmon-rafaela.com\/index.php\/wp-json\/wp\/v2\/media\/4470"}],"wp:attachment":[{"href":"https:\/\/todoapulmon-rafaela.com\/index.php\/wp-json\/wp\/v2\/media?parent=4469"}],"wp:term":[{"taxonomy":"category","embeddable":true,"href":"https:\/\/todoapulmon-rafaela.com\/index.php\/wp-json\/wp\/v2\/categories?post=4469"},{"taxonomy":"post_tag","embeddable":true,"href":"https:\/\/todoapulmon-rafaela.com\/index.php\/wp-json\/wp\/v2\/tags?post=4469"}],"curies":[{"name":"wp","href":"https:\/\/api.w.org\/{rel}","templated":true}]}}