{"id":44588,"date":"2023-11-06T10:57:56","date_gmt":"2023-11-06T10:57:56","guid":{"rendered":"https:\/\/todoapulmon-rafaela.com\/?p=44588"},"modified":"2023-11-06T10:57:56","modified_gmt":"2023-11-06T10:57:56","slug":"argentina-quedo-septima-en-el-medallero-de-los-juegos-panamericanos","status":"publish","type":"post","link":"https:\/\/todoapulmon-rafaela.com\/index.php\/2023\/11\/06\/argentina-quedo-septima-en-el-medallero-de-los-juegos-panamericanos\/","title":{"rendered":"Argentina qued\u00f3 s\u00e9ptima en el Medallero de los Juegos Panamericanos"},"content":{"rendered":"<p>La delegaci\u00f3n argentina finaliz\u00f3 su participaci\u00f3n en la 19\u00aa edici\u00f3n de los Panamericanos, celebrada en Santiago de Chile, ubicada en s\u00e9ptimo lugar del medallero, con un total de 75 preseas, 17 de oro, 25 de plata y 33 de bronce, adem\u00e1s de sumar 11 plazas para los Juegos Ol\u00edmpicos de Par\u00eds 2024.<\/p>\n<p>El podio lo ocuparon Estados Unidos, con 286 medallas (124 doradas), Brasil, con 205 (66 de oro), y M\u00e9xico, con 142 (52 doradas).<\/p>\n<p>Se trata de un descenso de dos puestos respecto a la edici\u00f3n anterior, Lima 2019, donde los deportistas nacionales alcanzaron el quinto puesto, por encima de Cuba y Colombia, pa\u00edses que lo superaron en el reciente certamen.<\/p>\n<p>El \u00faltimo fin de semana de competencia fue el m\u00e1s destacado para Argentina, ya que, entre el s\u00e1bado 4 y el domingo 5 de noviembre, logr\u00f3 12 de las 17 preseas doradas.<\/p>\n<p>Adem\u00e1s de \u2018Las Leonas\u2019 y \u2018Los Gladiadores\u2019, la delegaci\u00f3n argentina logr\u00f3 otras nueve clasificaciones a la cita ol\u00edmpica en Par\u00eds:<\/p>\n<p>Catalina Turienzo (Vela-Kite)<\/p>\n<p>Francisco Saubidet Birkner (Vela-Windsurf)<\/p>\n<p>Chiara Ferretti (Vela-Windsurf)<\/p>\n<p>Fernanda Russo (Tiro-Rifle)<\/p>\n<p>Federico Gil (Tiro-Skeet)<\/p>\n<p>Lourdes Carl\u00e9 (Tenis -depende de posici\u00f3n en el ranking ATP-)<\/p>\n<p>Facundo D\u00edaz Acosta (Tenis -depende de posici\u00f3n en el ranking ATP-)<\/p>\n<p>Franco Serrano (Pentatl\u00f3n)<\/p>\n<p>Jos\u00e9 Mar\u00eda Larocca (Equitaci\u00f3n).<\/p>\n<p><b>Mar\u00eda Jos\u00e9 Vargas<\/b>, nacida en Bolivia y que compite desde hace muchos para Argentina en\u00a0<b>r\u00e1quetbol<\/b>, fue<b>\u00a0la deportista que m\u00e1s veces se subi\u00f3 al podio en los Juegos Panamericanos con un total de cuatro.<\/b><\/p>\n<p>Vargas gan\u00f3 la<b>\u00a0medalla de bronce en individual<\/b>, en tanto que<b>\u00a0junto a Natalia M\u00e9ndez fueron plateadas en el doble femenino y la competencia por equipos<\/b>; adem\u00e1s, en el\u00a0<b>mixto junto a Diego Garc\u00eda, tambi\u00e9n qued\u00f3 segunda<\/b>.<\/p>\n<p>En tanto,\u00a0<b>Agust\u00edn Vernice<\/b>, ya clasificado a los Juegos Ol\u00edmpicos de Par\u00eds, fue\u00a0<b>el \u00fanico de los deportistas argentinos que consigui\u00f3 dos medallas doradas<\/b>\u00a0en Santiago 2023.<\/p>\n<h2>Deporte por deportes, las medallas de Argentina<\/h2>\n<ul>\n<li><b>Canotaje 6<\/b><\/li>\n<li><b>Pelota Vasca 6<\/b><\/li>\n<li>Vela 5<\/li>\n<li>Atletismo 4<\/li>\n<li>Esqu\u00ed Acu\u00e1tico 4<\/li>\n<li>R\u00e1quetbol 4<\/li>\n<li>Taekwondo 4<\/li>\n<li>Tenis 4<\/li>\n<li>Esgrima 3<\/li>\n<li>B\u00e1squet 2<\/li>\n<li>Boxeo 2<\/li>\n<li>Handball 2<\/li>\n<li>Hockey sobre c\u00e9sped 2<\/li>\n<li>Karate 2<\/li>\n<li>Lucha 2<\/li>\n<li>Nataci\u00f3n 2<\/li>\n<li>Pat\u00edn Art\u00edstico 2<\/li>\n<li>Remo 2<\/li>\n<li>Tenis de mesa 2<\/li>\n<li>Tiro deportivo 2<\/li>\n<li>Aguas Abiertas 1<\/li>\n<li>Ciclismo ruta 1<\/li>\n<li>Ciclismo freestyle 1<\/li>\n<li>Gimnasia art\u00edstica 1<\/li>\n<li>Gimnasia trampol\u00edn 1<\/li>\n<li>Judo 1<\/li>\n<li>Rugby Seven 1<\/li>\n<li>Squash 1<\/li>\n<li>Surf 1<\/li>\n<li>Voleibol 1<\/li>\n<li>Waterpolo 1.<\/li>\n<\/ul>\n","protected":false},"excerpt":{"rendered":"<p>La delegaci\u00f3n argentina finaliz\u00f3 su participaci\u00f3n en la 19\u00aa edici\u00f3n de los Panamericanos, celebrada en Santiago de Chile, ubicada en<\/p>\n","protected":false},"author":2,"featured_media":44589,"comment_status":"closed","ping_status":"closed","sticky":false,"template":"","format":"standard","meta":{"footnotes":""},"categories":[24],"tags":[],"class_list":["post-44588","post","type-post","status-publish","format-standard","has-post-thumbnail","hentry","category-noticias-destacadas"],"cc_featured_image_caption":{"caption_text":"El seleccionado de handball masculino, oro y clasificado a Par\u00eds 2024.","source_text":"","source_url":""},"_links":{"self":[{"href":"https:\/\/todoapulmon-rafaela.com\/index.php\/wp-json\/wp\/v2\/posts\/44588"}],"collection":[{"href":"https:\/\/todoapulmon-rafaela.com\/index.php\/wp-json\/wp\/v2\/posts"}],"about":[{"href":"https:\/\/todoapulmon-rafaela.com\/index.php\/wp-json\/wp\/v2\/types\/post"}],"author":[{"embeddable":true,"href":"https:\/\/todoapulmon-rafaela.com\/index.php\/wp-json\/wp\/v2\/users\/2"}],"replies":[{"embeddable":true,"href":"https:\/\/todoapulmon-rafaela.com\/index.php\/wp-json\/wp\/v2\/comments?post=44588"}],"version-history":[{"count":1,"href":"https:\/\/todoapulmon-rafaela.com\/index.php\/wp-json\/wp\/v2\/posts\/44588\/revisions"}],"predecessor-version":[{"id":44590,"href":"https:\/\/todoapulmon-rafaela.com\/index.php\/wp-json\/wp\/v2\/posts\/44588\/revisions\/44590"}],"wp:featuredmedia":[{"embeddable":true,"href":"https:\/\/todoapulmon-rafaela.com\/index.php\/wp-json\/wp\/v2\/media\/44589"}],"wp:attachment":[{"href":"https:\/\/todoapulmon-rafaela.com\/index.php\/wp-json\/wp\/v2\/media?parent=44588"}],"wp:term":[{"taxonomy":"category","embeddable":true,"href":"https:\/\/todoapulmon-rafaela.com\/index.php\/wp-json\/wp\/v2\/categories?post=44588"},{"taxonomy":"post_tag","embeddable":true,"href":"https:\/\/todoapulmon-rafaela.com\/index.php\/wp-json\/wp\/v2\/tags?post=44588"}],"curies":[{"name":"wp","href":"https:\/\/api.w.org\/{rel}","templated":true}]}}