{"id":4455,"date":"2017-01-30T18:12:17","date_gmt":"2017-01-30T18:12:17","guid":{"rendered":"http:\/\/todoapulmon-rafaela.com\/?p=4455"},"modified":"2017-01-30T22:58:03","modified_gmt":"2017-01-30T22:58:03","slug":"bikers-rafaelinos-se-destacaron-en-la-tanti-cosquin","status":"publish","type":"post","link":"https:\/\/todoapulmon-rafaela.com\/index.php\/2017\/01\/30\/bikers-rafaelinos-se-destacaron-en-la-tanti-cosquin\/","title":{"rendered":"Bikers rafaelinos se destacaron en la Tanti &#8211; Cosquin"},"content":{"rendered":"<p>Un grupo de bikers de Rafaela y zonas aleda\u00f1as fue protagonista entre los casi\u00a0500 corredores que se dieron cita el domingo en Tanti, para iniciar la temporada 2017 de MTB en C\u00f3rdoba con la tradicional Tanti &#8211; Cosqu\u00edn &#8211; Tanti.<\/p>\n<p>El circuito utilizado fue el mismo de a\u00f1os anteriores, 50 km. de camino serrano serpenteante hasta la mitad del recorrido y luego muchas rectas bien rodadoras hasta llegar a Cosqu\u00edn y retornar por el mismo lugar.\u00a0Entre los caballeros el m\u00e1s veloz fue Gonzalo Artal (Maipu ProCycling) con un tiempo de 1h32m30s seguido del faldense Gerardo Brito 1h33m01s y en tercera colaci\u00f3n entr\u00f3 Gabriel Facchin (Venzo) con 1h33m22s. En tanto la general de damas qued\u00f3 de la siguiente manera: primera Mar\u00eda Lourdes Tufro (Raleigh Shimano) 1h48m40s, el segundo lugar lo ocup\u00f3 Carolina Maldonado (TopMega) 1h49m13s y en tercera posici\u00f3n lleg\u00f3 Mirta Franzoi 1h59m45s. De nuestra ciudad cabe mencionar que Rosal\u00eca Gentinetta se ubic\u00f3 9\u00aa en la general y 2\u00aa en su categor\u00eda.<\/p>\n<p>Este es el detalle de la clasificaci\u00f3n de los bikers de nuestro medio:<\/p>\n<p><strong>Damas Elite:<\/strong> 6\u00aa <strong>Luisina Simondi<\/strong> (Rafaela) 2h15m26s (10 participantes).<\/p>\n<p><strong>Damas B:<\/strong> 2\u00aa <strong>Rosal\u00eda Gentinetta<\/strong> (Rafaela) 2h05m10s, (14 participantes).<\/p>\n<p><strong>Master B2<\/strong>: 14\u00ba <strong>C\u00e9sar Bonetto<\/strong> (Rafaela) 1h48m54s, 32\u00ba <strong>Fernando Simondi<\/strong> (Rafaela). (62 participantes).<\/p>\n<p><strong>Master B1<\/strong>: 9\u00ba <strong>Leonardo Gonzalez<\/strong> (Susana) 1h45m53s. 33\u00ba <strong>Joaquin Roca<\/strong> (Rafaela). (80 participantes).<\/p>\n<p><strong>Master A2:<\/strong> 30\u00ba <strong>Leandro Toloza<\/strong> (Rafaela) 1h54m59s, 47\u00ba <strong>Mat\u00edas Vilches<\/strong> (Rafaela). (70 participantes).<\/p>\n<p><img loading=\"lazy\" decoding=\"async\" class=\"alignnone size-medium wp-image-4457\" src=\"http:\/\/todoapulmon-rafaela.com\/wp-content\/uploads\/2017\/01\/32558817696_d92f639ea5_z-300x200.jpg\" alt=\"32558817696_d92f639ea5_z\" width=\"300\" height=\"200\" srcset=\"https:\/\/todoapulmon-rafaela.com\/wp-content\/uploads\/2017\/01\/32558817696_d92f639ea5_z-300x200.jpg 300w, https:\/\/todoapulmon-rafaela.com\/wp-content\/uploads\/2017\/01\/32558817696_d92f639ea5_z.jpg 640w\" sizes=\"(max-width: 300px) 100vw, 300px\" \/><img loading=\"lazy\" decoding=\"async\" class=\"alignnone size-medium wp-image-4458\" src=\"http:\/\/todoapulmon-rafaela.com\/wp-content\/uploads\/2017\/01\/32446421662_9a8d4eb1e8_z-300x200.jpg\" alt=\"32446421662_9a8d4eb1e8_z\" width=\"300\" height=\"200\" srcset=\"https:\/\/todoapulmon-rafaela.com\/wp-content\/uploads\/2017\/01\/32446421662_9a8d4eb1e8_z-300x200.jpg 300w, https:\/\/todoapulmon-rafaela.com\/wp-content\/uploads\/2017\/01\/32446421662_9a8d4eb1e8_z.jpg 640w\" sizes=\"(max-width: 300px) 100vw, 300px\" \/><\/p>\n","protected":false},"excerpt":{"rendered":"<p>Un grupo de bikers de Rafaela y zonas aleda\u00f1as fue protagonista entre los casi\u00a0500 corredores que se dieron cita el<\/p>\n","protected":false},"author":2,"featured_media":4456,"comment_status":"open","ping_status":"open","sticky":false,"template":"","format":"standard","meta":{"footnotes":""},"categories":[4,24],"tags":[],"class_list":["post-4455","post","type-post","status-publish","format-standard","has-post-thumbnail","hentry","category-ciclismo","category-noticias-destacadas"],"cc_featured_image_caption":{"caption_text":"Rosal\u00eda Gentinetta se ubic\u00f3 segunda en su categor\u00eda; C\u00e9sar Bonetto, otro de los representantes de buena actuaci\u00f3n. (Fotos infobiker).","source_text":"","source_url":""},"_links":{"self":[{"href":"https:\/\/todoapulmon-rafaela.com\/index.php\/wp-json\/wp\/v2\/posts\/4455"}],"collection":[{"href":"https:\/\/todoapulmon-rafaela.com\/index.php\/wp-json\/wp\/v2\/posts"}],"about":[{"href":"https:\/\/todoapulmon-rafaela.com\/index.php\/wp-json\/wp\/v2\/types\/post"}],"author":[{"embeddable":true,"href":"https:\/\/todoapulmon-rafaela.com\/index.php\/wp-json\/wp\/v2\/users\/2"}],"replies":[{"embeddable":true,"href":"https:\/\/todoapulmon-rafaela.com\/index.php\/wp-json\/wp\/v2\/comments?post=4455"}],"version-history":[{"count":2,"href":"https:\/\/todoapulmon-rafaela.com\/index.php\/wp-json\/wp\/v2\/posts\/4455\/revisions"}],"predecessor-version":[{"id":4460,"href":"https:\/\/todoapulmon-rafaela.com\/index.php\/wp-json\/wp\/v2\/posts\/4455\/revisions\/4460"}],"wp:featuredmedia":[{"embeddable":true,"href":"https:\/\/todoapulmon-rafaela.com\/index.php\/wp-json\/wp\/v2\/media\/4456"}],"wp:attachment":[{"href":"https:\/\/todoapulmon-rafaela.com\/index.php\/wp-json\/wp\/v2\/media?parent=4455"}],"wp:term":[{"taxonomy":"category","embeddable":true,"href":"https:\/\/todoapulmon-rafaela.com\/index.php\/wp-json\/wp\/v2\/categories?post=4455"},{"taxonomy":"post_tag","embeddable":true,"href":"https:\/\/todoapulmon-rafaela.com\/index.php\/wp-json\/wp\/v2\/tags?post=4455"}],"curies":[{"name":"wp","href":"https:\/\/api.w.org\/{rel}","templated":true}]}}