{"id":44530,"date":"2023-11-04T12:12:59","date_gmt":"2023-11-04T12:12:59","guid":{"rendered":"https:\/\/todoapulmon-rafaela.com\/?p=44530"},"modified":"2023-11-04T12:12:59","modified_gmt":"2023-11-04T12:12:59","slug":"santa-fe-juega-ante-chubut-en-el-concentrado","status":"publish","type":"post","link":"https:\/\/todoapulmon-rafaela.com\/index.php\/2023\/11\/04\/santa-fe-juega-ante-chubut-en-el-concentrado\/","title":{"rendered":"Santa Fe juega ante Chubut en el Concentrado"},"content":{"rendered":"<p>La ciudad de Rosario ser\u00e1 anfitriona del Concentrado del Argentino Juvenil organizado por la Uni\u00f3n Argentina de Rugby. Ocho equipos del ascenso y ocho equipos de la zona Campeonato se dar\u00e1n cita en las canchas de Duendes, Universitario, Gimnasia y Esgrima, Hip\u00f3dromo y Jockey Club de Rosario.<br \/>\nEl puntapi\u00e9 inicial de esta destacada competencia se dar\u00e1 en dos sedes simult\u00e1neas el domingo 5 de noviembre. Duendes y Universitario han sido las sedes elegidas para albergar los emocionantes enfrentamientos iniciales. Posteriormente, el mi\u00e9rcoles 8 de noviembre, la acci\u00f3n se trasladar\u00e1 a Gimnasia y Esgrima, as\u00ed como al Hip\u00f3dromo, donde los equipos continuar\u00e1n demostrando su habilidad y pasi\u00f3n por el rugby. Finalmente, la etapa decisiva del torneo se llevar\u00e1 a cabo en el Jockey Club de Rosario, que ser\u00e1 el anfitri\u00f3n de las emocionantes definiciones del certamen.<br \/>\nPor primera vez, la Uni\u00f3n de Rugby de Rosario con la organizaci\u00f3n de Santa Fe Producciones, y el apoyo de sus destacados clubes, asume la responsabilidad de organizar este importante torneo a nivel nacional.<\/p>\n<p>Programaci\u00f3n de la Fecha 1 del Campeonato Argentino Juvenil 2023 (5 de noviembre):<br \/>\nZona Campeonato en Duendes RC:<br \/>\n\u2022 Rosario vs Uruguay a las 10:00 hs.<br \/>\n\u2022 C\u00f3rdoba vs Entre R\u00edos a las 11:30 hs.<br \/>\n\u2022 Buenos Aires vs Tucum\u00e1n a las 15:00 hs.<br \/>\n\u2022 Cuyo vs Salta a las 16:30 hs.<br \/>\nZona Ascenso en Universitario RC:<br \/>\n\u2022 Mar del Plata vs Oeste a las 10:00 hs.<br \/>\n\u2022 Santiago del Estero vs Alto Valle a las 11:30 hs.<br \/>\n\u2022 San Juan vs Nordeste a las 15:00 hs.<br \/>\n\u2022 Santa Fe vs Chubut a las 16:30 hs.<\/p>\n<p>Recordemos que Santa Fe gan\u00f3 en la primera fecha como visitante ante Alto Valle y luego perdi\u00f3 de local con Santiago del Estero. Para este partido fueron convocados los siguientes jugadores:<\/p>\n<table width=\"188\">\n<tbody>\n<tr>\n<td width=\"188\">Backs<\/td>\n<\/tr>\n<tr>\n<td>Appo Valentino<\/td>\n<\/tr>\n<tr>\n<td>Brasca Alejandro<\/td>\n<\/tr>\n<tr>\n<td>De Marco Francisco<\/td>\n<\/tr>\n<tr>\n<td>L\u00f3pez Tom\u00e1s<\/td>\n<\/tr>\n<tr>\n<td>Malatini Valentin<\/td>\n<\/tr>\n<tr>\n<td>Mazza Valent\u00edn<\/td>\n<\/tr>\n<tr>\n<td>Obeid Conrado<\/td>\n<\/tr>\n<tr>\n<td>Perez Baker Martin<\/td>\n<\/tr>\n<tr>\n<td>Rava Tomas<\/td>\n<\/tr>\n<tr>\n<td>Reynoso Jose<\/td>\n<\/tr>\n<tr>\n<td>Rossi Ignacio<\/td>\n<\/tr>\n<tr>\n<td>Panza Ger\u00f3nimo<\/td>\n<\/tr>\n<\/tbody>\n<\/table>\n<p>Fowards<br \/>\nAstesano Maximo<br \/>\nAyala Galo<br \/>\nBallestieri Genaro<br \/>\nBenavidez Bautista<br \/>\nCardin I\u00f1aki<br \/>\nCescut Federico<br \/>\nClemenz Santiago<br \/>\nG\u00f3mez Ignacio<br \/>\nMehring Mateo<br \/>\nOnorato Jorge<br \/>\nPonzio Agustin<br \/>\nRamirez Simon<br \/>\nSaravia Lautaro<br \/>\nArangio Matias<br \/>\nFerrero Valentino<br \/>\nPiris Agust\u00edn.<\/p>\n","protected":false},"excerpt":{"rendered":"<p>La ciudad de Rosario ser\u00e1 anfitriona del Concentrado del Argentino Juvenil organizado por la Uni\u00f3n Argentina de Rugby. Ocho equipos<\/p>\n","protected":false},"author":2,"featured_media":44531,"comment_status":"closed","ping_status":"closed","sticky":false,"template":"","format":"standard","meta":{"footnotes":""},"categories":[2],"tags":[],"class_list":["post-44530","post","type-post","status-publish","format-standard","has-post-thumbnail","hentry","category-rugby"],"cc_featured_image_caption":{"caption_text":"Valentino Appo, uno de los jugadores de CRAR que integran el seleccionado (gentileza UNO Santa Fe).","source_text":"","source_url":""},"_links":{"self":[{"href":"https:\/\/todoapulmon-rafaela.com\/index.php\/wp-json\/wp\/v2\/posts\/44530"}],"collection":[{"href":"https:\/\/todoapulmon-rafaela.com\/index.php\/wp-json\/wp\/v2\/posts"}],"about":[{"href":"https:\/\/todoapulmon-rafaela.com\/index.php\/wp-json\/wp\/v2\/types\/post"}],"author":[{"embeddable":true,"href":"https:\/\/todoapulmon-rafaela.com\/index.php\/wp-json\/wp\/v2\/users\/2"}],"replies":[{"embeddable":true,"href":"https:\/\/todoapulmon-rafaela.com\/index.php\/wp-json\/wp\/v2\/comments?post=44530"}],"version-history":[{"count":1,"href":"https:\/\/todoapulmon-rafaela.com\/index.php\/wp-json\/wp\/v2\/posts\/44530\/revisions"}],"predecessor-version":[{"id":44532,"href":"https:\/\/todoapulmon-rafaela.com\/index.php\/wp-json\/wp\/v2\/posts\/44530\/revisions\/44532"}],"wp:featuredmedia":[{"embeddable":true,"href":"https:\/\/todoapulmon-rafaela.com\/index.php\/wp-json\/wp\/v2\/media\/44531"}],"wp:attachment":[{"href":"https:\/\/todoapulmon-rafaela.com\/index.php\/wp-json\/wp\/v2\/media?parent=44530"}],"wp:term":[{"taxonomy":"category","embeddable":true,"href":"https:\/\/todoapulmon-rafaela.com\/index.php\/wp-json\/wp\/v2\/categories?post=44530"},{"taxonomy":"post_tag","embeddable":true,"href":"https:\/\/todoapulmon-rafaela.com\/index.php\/wp-json\/wp\/v2\/tags?post=44530"}],"curies":[{"name":"wp","href":"https:\/\/api.w.org\/{rel}","templated":true}]}}