{"id":44447,"date":"2023-11-01T11:22:04","date_gmt":"2023-11-01T11:22:04","guid":{"rendered":"https:\/\/todoapulmon-rafaela.com\/?p=44447"},"modified":"2023-11-01T11:22:04","modified_gmt":"2023-11-01T11:22:04","slug":"destacada-participacion-de-patinadoras-de-almagro-en-el-nacional-c","status":"publish","type":"post","link":"https:\/\/todoapulmon-rafaela.com\/index.php\/2023\/11\/01\/destacada-participacion-de-patinadoras-de-almagro-en-el-nacional-c\/","title":{"rendered":"Destacada participaci\u00f3n de patinadoras de Almagro en el Nacional C"},"content":{"rendered":"<p>Del 24 de octubre al 2 de noviembre se realiza en Neuqu\u00e9n la Copa Argentina Gonz\u00e1lez Molina de Pat\u00edn, correspondiente al Nacional 2023 de la divisional C. En la importante competencia del calendario de la Confederaci\u00f3n Argentina de esta disciplina ya participaron las cuatro representantes del Club Almagro de Rafaela, generando satisfacciones con sus performances.<\/p>\n<p>Ayer, Delfina Peralta obtuvo el cuarto puesto en la categor\u00eda Segunda C 12 a\u00f1os entre 44 participantes; mientras que en los d\u00edas previos tambi\u00e9n tomaron parte del certamen Constanza Junges y Lara Paredes (ambas enPrimera C 13 a\u00f1os), y Morena Raffaelli (Primera C 15 a\u00f1os), con meritorias actuaciones.<\/p>\n<figure id=\"attachment_44449\" aria-describedby=\"caption-attachment-44449\" style=\"width: 1200px\" class=\"wp-caption alignnone\"><img loading=\"lazy\" decoding=\"async\" class=\"size-full wp-image-44449\" src=\"https:\/\/todoapulmon-rafaela.com\/wp-content\/uploads\/2023\/11\/Neuquen-Paredes-Junges.jpg\" alt=\"\" width=\"1200\" height=\"1600\" srcset=\"https:\/\/todoapulmon-rafaela.com\/wp-content\/uploads\/2023\/11\/Neuquen-Paredes-Junges.jpg 1200w, https:\/\/todoapulmon-rafaela.com\/wp-content\/uploads\/2023\/11\/Neuquen-Paredes-Junges-225x300.jpg 225w, https:\/\/todoapulmon-rafaela.com\/wp-content\/uploads\/2023\/11\/Neuquen-Paredes-Junges-1125x1500.jpg 1125w, https:\/\/todoapulmon-rafaela.com\/wp-content\/uploads\/2023\/11\/Neuquen-Paredes-Junges-1152x1536.jpg 1152w\" sizes=\"(max-width: 1200px) 100vw, 1200px\" \/><figcaption id=\"caption-attachment-44449\" class=\"wp-caption-text\">Lara Paredes y Constanza Junges junto a la entrenadora.<\/figcaption><\/figure>\n<p>Para acceder a este torneo Nacional, en el cual representaron a la Federaci\u00f3n Santafesina, las patinadoras entrenadas por Candela Bracamonte hab\u00edan superado distintas instancias previas de clasificaci\u00f3n a nivel provincial y regional.<\/p>\n<figure id=\"attachment_44450\" aria-describedby=\"caption-attachment-44450\" style=\"width: 960px\" class=\"wp-caption alignnone\"><img loading=\"lazy\" decoding=\"async\" class=\"size-full wp-image-44450\" src=\"https:\/\/todoapulmon-rafaela.com\/wp-content\/uploads\/2023\/11\/Neuquen-Raffaelli.jpg\" alt=\"\" width=\"960\" height=\"1280\" srcset=\"https:\/\/todoapulmon-rafaela.com\/wp-content\/uploads\/2023\/11\/Neuquen-Raffaelli.jpg 960w, https:\/\/todoapulmon-rafaela.com\/wp-content\/uploads\/2023\/11\/Neuquen-Raffaelli-225x300.jpg 225w\" sizes=\"(max-width: 960px) 100vw, 960px\" \/><figcaption id=\"caption-attachment-44450\" class=\"wp-caption-text\">Morena Raffaelli y Candela Bracamonte.<\/figcaption><\/figure>\n","protected":false},"excerpt":{"rendered":"<p>Del 24 de octubre al 2 de noviembre se realiza en Neuqu\u00e9n la Copa Argentina Gonz\u00e1lez Molina de Pat\u00edn, correspondiente<\/p>\n","protected":false},"author":2,"featured_media":44448,"comment_status":"closed","ping_status":"closed","sticky":false,"template":"","format":"standard","meta":{"footnotes":""},"categories":[24,30],"tags":[],"class_list":["post-44447","post","type-post","status-publish","format-standard","has-post-thumbnail","hentry","category-noticias-destacadas","category-patin"],"cc_featured_image_caption":{"caption_text":"Delfina Peralta junto a la entrenadora Candela Bracamonte.","source_text":"","source_url":""},"_links":{"self":[{"href":"https:\/\/todoapulmon-rafaela.com\/index.php\/wp-json\/wp\/v2\/posts\/44447"}],"collection":[{"href":"https:\/\/todoapulmon-rafaela.com\/index.php\/wp-json\/wp\/v2\/posts"}],"about":[{"href":"https:\/\/todoapulmon-rafaela.com\/index.php\/wp-json\/wp\/v2\/types\/post"}],"author":[{"embeddable":true,"href":"https:\/\/todoapulmon-rafaela.com\/index.php\/wp-json\/wp\/v2\/users\/2"}],"replies":[{"embeddable":true,"href":"https:\/\/todoapulmon-rafaela.com\/index.php\/wp-json\/wp\/v2\/comments?post=44447"}],"version-history":[{"count":1,"href":"https:\/\/todoapulmon-rafaela.com\/index.php\/wp-json\/wp\/v2\/posts\/44447\/revisions"}],"predecessor-version":[{"id":44451,"href":"https:\/\/todoapulmon-rafaela.com\/index.php\/wp-json\/wp\/v2\/posts\/44447\/revisions\/44451"}],"wp:featuredmedia":[{"embeddable":true,"href":"https:\/\/todoapulmon-rafaela.com\/index.php\/wp-json\/wp\/v2\/media\/44448"}],"wp:attachment":[{"href":"https:\/\/todoapulmon-rafaela.com\/index.php\/wp-json\/wp\/v2\/media?parent=44447"}],"wp:term":[{"taxonomy":"category","embeddable":true,"href":"https:\/\/todoapulmon-rafaela.com\/index.php\/wp-json\/wp\/v2\/categories?post=44447"},{"taxonomy":"post_tag","embeddable":true,"href":"https:\/\/todoapulmon-rafaela.com\/index.php\/wp-json\/wp\/v2\/tags?post=44447"}],"curies":[{"name":"wp","href":"https:\/\/api.w.org\/{rel}","templated":true}]}}