{"id":44424,"date":"2023-10-30T18:07:05","date_gmt":"2023-10-30T18:07:05","guid":{"rendered":"https:\/\/todoapulmon-rafaela.com\/?p=44424"},"modified":"2023-10-30T18:12:06","modified_gmt":"2023-10-30T18:12:06","slug":"arqueros-de-rafaela-con-muy-buen-torneo-en-parana","status":"publish","type":"post","link":"https:\/\/todoapulmon-rafaela.com\/index.php\/2023\/10\/30\/arqueros-de-rafaela-con-muy-buen-torneo-en-parana\/","title":{"rendered":"Arqueros de Rafaela con muy buen torneo en Paran\u00e1"},"content":{"rendered":"<p><span style=\"font-weight: 400\">En la jornada del domingo 29 de octubre, arqueros rafaelinos representantes de la<\/span><b> Escuela de Arquer\u00eda Tiro Federal Argentino, <\/b><span style=\"font-weight: 400\">estuvieron presentes en el torneo <\/span><b><i>Aire Libre Rankeable<\/i><\/b> <span style=\"font-weight: 400\">organizado por Tiro con Arco Paran\u00e1 Asociaci\u00f3n Deportiva.<\/span><\/p>\n<p>Los mismos tuvieron meritorios desempe\u00f1os, siendo sus ubicaciones las siguientes:<\/p>\n<p><b><i>RECURVO SUB13 &#8211; 20 METROS:<\/i><\/b><\/p>\n<ul>\n<li style=\"font-weight: 400\"><span style=\"font-weight: 400\">Lucas Vazquez &#8211; <\/span><i><span style=\"font-weight: 400\">Primer puesto\u00a0<\/span><\/i><\/li>\n<li style=\"font-weight: 400\"><span style=\"font-weight: 400\">Mateo Llodra &#8211; <\/span><i><span style=\"font-weight: 400\">Segundo puesto <\/span><\/i><\/li>\n<\/ul>\n<p><b><i>RECURVO ESCUELA &#8211; 20 METROS:<\/i><\/b><\/p>\n<ul>\n<li style=\"font-weight: 400\"><span style=\"font-weight: 400\">Fernando Dentesano &#8211; <\/span><i><span style=\"font-weight: 400\">Primer puesto<\/span><\/i><span style=\"font-weight: 400\">\u00a0<\/span><\/li>\n<\/ul>\n<p><b><i>COMPUESTO MASCULINO SENIORS:<\/i><\/b><\/p>\n<ul>\n<li style=\"font-weight: 400\"><span style=\"font-weight: 400\">Joaqu\u00edn Gandolfo &#8211; <\/span><i><span style=\"font-weight: 400\">Sexto puesto <\/span><\/i><\/li>\n<li style=\"font-weight: 400\">Mauro Carelli &#8211; <i>D\u00e9cimo puesto\u00a0<\/i><\/li>\n<\/ul>\n<p><span style=\"font-weight: 400\">La Escuela de Arquer\u00eda del Tiro Federal de nuestra ciudad felicit\u00f3 a todos los arqueros por su desempe\u00f1o y por los puestos obtenidos.<\/span><\/p>\n<p>&nbsp;<\/p>\n<p>&nbsp;<\/p>\n","protected":false},"excerpt":{"rendered":"<p>En la jornada del domingo 29 de octubre, arqueros rafaelinos representantes de la Escuela de Arquer\u00eda Tiro Federal Argentino, estuvieron<\/p>\n","protected":false},"author":2,"featured_media":44426,"comment_status":"closed","ping_status":"closed","sticky":false,"template":"","format":"standard","meta":{"footnotes":""},"categories":[24],"tags":[],"class_list":["post-44424","post","type-post","status-publish","format-standard","has-post-thumbnail","hentry","category-noticias-destacadas"],"cc_featured_image_caption":{"caption_text":"","source_text":"","source_url":""},"_links":{"self":[{"href":"https:\/\/todoapulmon-rafaela.com\/index.php\/wp-json\/wp\/v2\/posts\/44424"}],"collection":[{"href":"https:\/\/todoapulmon-rafaela.com\/index.php\/wp-json\/wp\/v2\/posts"}],"about":[{"href":"https:\/\/todoapulmon-rafaela.com\/index.php\/wp-json\/wp\/v2\/types\/post"}],"author":[{"embeddable":true,"href":"https:\/\/todoapulmon-rafaela.com\/index.php\/wp-json\/wp\/v2\/users\/2"}],"replies":[{"embeddable":true,"href":"https:\/\/todoapulmon-rafaela.com\/index.php\/wp-json\/wp\/v2\/comments?post=44424"}],"version-history":[{"count":4,"href":"https:\/\/todoapulmon-rafaela.com\/index.php\/wp-json\/wp\/v2\/posts\/44424\/revisions"}],"predecessor-version":[{"id":44430,"href":"https:\/\/todoapulmon-rafaela.com\/index.php\/wp-json\/wp\/v2\/posts\/44424\/revisions\/44430"}],"wp:featuredmedia":[{"embeddable":true,"href":"https:\/\/todoapulmon-rafaela.com\/index.php\/wp-json\/wp\/v2\/media\/44426"}],"wp:attachment":[{"href":"https:\/\/todoapulmon-rafaela.com\/index.php\/wp-json\/wp\/v2\/media?parent=44424"}],"wp:term":[{"taxonomy":"category","embeddable":true,"href":"https:\/\/todoapulmon-rafaela.com\/index.php\/wp-json\/wp\/v2\/categories?post=44424"},{"taxonomy":"post_tag","embeddable":true,"href":"https:\/\/todoapulmon-rafaela.com\/index.php\/wp-json\/wp\/v2\/tags?post=44424"}],"curies":[{"name":"wp","href":"https:\/\/api.w.org\/{rel}","templated":true}]}}