{"id":44421,"date":"2023-10-30T17:48:00","date_gmt":"2023-10-30T17:48:00","guid":{"rendered":"https:\/\/todoapulmon-rafaela.com\/?p=44421"},"modified":"2023-10-30T17:52:32","modified_gmt":"2023-10-30T17:52:32","slug":"hay-equipo-estara-en-barrio-jardin","status":"publish","type":"post","link":"https:\/\/todoapulmon-rafaela.com\/index.php\/2023\/10\/30\/hay-equipo-estara-en-barrio-jardin\/","title":{"rendered":"\u00abHay Equipo\u00bb estar\u00e1 en Barrio Jard\u00edn"},"content":{"rendered":"<div>Este martes 8 de noviembre, el programa municipal \u00abHay Equipo\u00bb continuar\u00e1 frente al Centro Atenci\u00f3n Primaria de la Salud (CAPS N\u00ba 9) del barrio Jard\u00edn, en calle Juan B. Justo y Brasca, en el horario de 17:00 a 19:30.<\/div>\n<div><\/div>\n<div>Recordemos que \u00abHay Equipo\u00bb otorga el apto deportivo a personas de todas las edades que realizan deportes de baja y mediana complejidad.<\/div>\n<div><\/div>\n<div>Para reservas de turnos o consultas se encuentra habilitado el n\u00famero de WhatsApp 3492 &#8211; 641276.<\/div>\n<div><\/div>\n<div>El programa incluye asistencia m\u00e9dica, kinesiolog\u00eda, odontolog\u00eda y realizaci\u00f3n de electrocardiogramas.<\/div>\n<div><\/div>\n<div>Vale indicar que al mencionado programa se agreg\u00f3 el Calendario Nacional de Vacunaci\u00f3n en donde la persona que asiste al dispositivo actualiza su informaci\u00f3n al respecto y, en caso de ser necesario, es derivada al vacunatorio o centro de salud para que complete el esquema ya que las vacunas son las herramientas fundamentales para la prevenci\u00f3n de enfermedades.<\/div>\n<div><\/div>\n<div>La iniciativa es impulsada por la Subsecretar\u00eda de Salud, dependiente de la Secretar\u00eda de Desarrollo Humano de la Municipalidad de Rafaela, y se enfoca a la atenci\u00f3n primaria, previniendo y promocionando la salud.<\/div>\n<div><\/div>\n<div>Asimismo, busca generar conciencia en la poblaci\u00f3n sobre la importancia de tener control sobre la salud del cuerpo. En ese sentido, la actividad deportiva representa un aporte significativo para llevar adelante una vida sana.<\/div>\n","protected":false},"excerpt":{"rendered":"<p>Este martes 8 de noviembre, el programa municipal \u00abHay Equipo\u00bb continuar\u00e1 frente al Centro Atenci\u00f3n Primaria de la Salud (CAPS<\/p>\n","protected":false},"author":2,"featured_media":44423,"comment_status":"closed","ping_status":"closed","sticky":false,"template":"","format":"standard","meta":{"footnotes":""},"categories":[1],"tags":[],"class_list":["post-44421","post","type-post","status-publish","format-standard","has-post-thumbnail","hentry","category-sin-categoria"],"cc_featured_image_caption":{"caption_text":"Foto prensa Municipalidad de Rafaela","source_text":"","source_url":""},"_links":{"self":[{"href":"https:\/\/todoapulmon-rafaela.com\/index.php\/wp-json\/wp\/v2\/posts\/44421"}],"collection":[{"href":"https:\/\/todoapulmon-rafaela.com\/index.php\/wp-json\/wp\/v2\/posts"}],"about":[{"href":"https:\/\/todoapulmon-rafaela.com\/index.php\/wp-json\/wp\/v2\/types\/post"}],"author":[{"embeddable":true,"href":"https:\/\/todoapulmon-rafaela.com\/index.php\/wp-json\/wp\/v2\/users\/2"}],"replies":[{"embeddable":true,"href":"https:\/\/todoapulmon-rafaela.com\/index.php\/wp-json\/wp\/v2\/comments?post=44421"}],"version-history":[{"count":1,"href":"https:\/\/todoapulmon-rafaela.com\/index.php\/wp-json\/wp\/v2\/posts\/44421\/revisions"}],"predecessor-version":[{"id":44422,"href":"https:\/\/todoapulmon-rafaela.com\/index.php\/wp-json\/wp\/v2\/posts\/44421\/revisions\/44422"}],"wp:featuredmedia":[{"embeddable":true,"href":"https:\/\/todoapulmon-rafaela.com\/index.php\/wp-json\/wp\/v2\/media\/44423"}],"wp:attachment":[{"href":"https:\/\/todoapulmon-rafaela.com\/index.php\/wp-json\/wp\/v2\/media?parent=44421"}],"wp:term":[{"taxonomy":"category","embeddable":true,"href":"https:\/\/todoapulmon-rafaela.com\/index.php\/wp-json\/wp\/v2\/categories?post=44421"},{"taxonomy":"post_tag","embeddable":true,"href":"https:\/\/todoapulmon-rafaela.com\/index.php\/wp-json\/wp\/v2\/tags?post=44421"}],"curies":[{"name":"wp","href":"https:\/\/api.w.org\/{rel}","templated":true}]}}